{"id":13675,"date":"2023-04-12T15:32:34","date_gmt":"2023-04-12T20:32:34","guid":{"rendered":"https:\/\/ldpublicicdad.com\/?p=13675"},"modified":"2023-04-12T20:32:36","modified_gmt":"2023-04-12T20:32:36","slug":"mexico-guardias-del-centro-migrante-quemado-no-tenian-llave","status":"publish","type":"post","link":"https:\/\/ldpublicicdad.com\/?p=13675","title":{"rendered":"M\u00e9xico: guardias del centro migrante quemado no ten\u00edan llave"},"content":{"rendered":"<p>Los guardias que estaban en el centro de detenci\u00f3n del norte de M\u00e9xico en el que murieron 40 migrantes en un incendio, no ten\u00edan las llaves de la celda, dijo el martes el presidente Andr\u00e9s Manuel L\u00f3pez Obrador.<\/p>\n<p>Los cuerpos de 31 de los fallecidos, en su mayor\u00eda centroamericanos, ya han sido repatriados a sus pa\u00edses de origen, informaron las autoridades mexicanas el martes.<\/p>\n<p>El incendio en el centro de detenci\u00f3n de Ciudad Ju\u00e1rez, localidad fronteriza con Texas, ocurrido el 27 de marzo por la noche, fue iniciado en se\u00f1al de protesta por un peque\u00f1o grupo de migrantes detenidos y desencaden\u00f3 la\u00a0mayor tragedia que se recuerde en instalaciones de la agencia de migraci\u00f3n mexicana.<\/p>\n<p>En im\u00e1genes de video de una c\u00e1mara de seguridad, puede verse a unos guardias que se sal\u00edan de la sala mientras iniciaba el fuego en unos colchones dentro de la celda en la que estaban decenas de migrantes, sin que hicieran ning\u00fan intento por liberarlos.<\/p>\n<p>Hasta el momento no estaba claro qui\u00e9n ten\u00eda las llaves de la celda o si hab\u00eda m\u00e1s de un juego. pero el presidente mexicano afirm\u00f3 el martes que la intoxicaci\u00f3n que provoc\u00f3 la muerte de los migrantes tuvo lugar porque \u201cquien ten\u00eda la llave, no estaba\u201d.<\/p>\n<p>Cinco personas \u2014-tres funcionarios de migraci\u00f3n, un guardia privado y el migrante venezolano que presuntamente inici\u00f3 el fuego\u2014 est\u00e1n bajo proceso,\u00a0acusados de homicidio y lesiones\u00a0ya que en el suceso una treintena de personas quedaron heridas.<\/p>\n<p>Mientras avanzan las investigaciones que, seg\u00fan el gobierno federal, analizar\u00e1n toda la cadena de responsabilidades y las irregularidades en cuanto a las medidas de protecci\u00f3n civil en caso de emergencia, comenz\u00f3 la repatriaci\u00f3n de las v\u00edctimas. Primero, la de un colombiano, luego la de siete salvadore\u00f1os y el martes, la de 17 guatemaltecos y seis hondure\u00f1os.<\/p>\n<p>Sendos aviones de la Fuerza A\u00e9rea mexicana trasladaron los f\u00e9retros de los migrantes fallecidos hasta Guatemala y Honduras. El canciller guatemalteco, Mario B\u00facaro, y el vicec\u00f3nsul de Honduras en M\u00e9xico, Darwin Medina, acompa\u00f1aron los tr\u00e1mites y a los familiares de las v\u00edctimas.<\/p>\n<p>Hasta el momento, han sido repatriados 31 cuerpos de personas fallecidas en el siniestro, indic\u00f3 la agencia migratoria mexicana en un comunicado el martes por la tarde.<\/p>\n<p>A su llegada a Guatemala los fallecidos ser\u00e1n trasladados a sus comunidades de al menos nueve departamentos distintos en las regiones norte y occidente del pa\u00eds. El viernes el gobierno mexicano hab\u00eda empezado a repatriar a otros migrante originarios de El Salvador.<\/p>\n<p>Entre los fallecidos est\u00e1 Bacilio Sutuj, un migrante de 51 a\u00f1os originario de San Mart\u00edn Jilotepeque -en el departamento de Chimaltenango- que no le cont\u00f3 a su familia que su intenci\u00f3n era migrar hasta dos d\u00edas antes del incendio, cuando les dijo que hab\u00eda sido detenido por la migraci\u00f3n mexicana.<\/p>\n<p>Seg\u00fan la canciller\u00eda guatemalteca, 19 de los 40 fallecidos eran de origen guatemalteco. Sin embargo, dos de los fallecidos que se cree son guatemaltecos no ser\u00e1n repatriados pues no se ha podido establecer plenamente su identidad debido a que uno no ten\u00eda documento de identificaci\u00f3n y el otro ten\u00eda quemaduras en las manos que impidieron tomar sus huellas dactilares. Las autoridades guatemaltecas realizar\u00e1n pruebas de ADN para reconocerlos.<\/p>\n<p>Otros 11 guatemaltecos resultaron heridos en el incendio.<\/p>\n<p>El gobierno guatemalteco ha dicho que espera que M\u00e9xico resarza a las familias de las v\u00edctimas y que haya justicia. Localmente se ha iniciado una investigaci\u00f3n de oficio en la fiscal\u00eda para ubicar a redes de tr\u00e1fico de migrantes que habr\u00edan ayudado a los fallecidos a emprender su viaje.<\/p>\n","protected":false},"excerpt":{"rendered":"<p>Los guardias que estaban en el centro de detenci\u00f3n del norte de M\u00e9xico en el que murieron 40 migrantes en un incendio, no ten\u00edan las llaves de la celda, dijo&hellip;<\/p>\n","protected":false},"author":1,"featured_media":13677,"comment_status":"open","ping_status":"closed","sticky":false,"template":"","format":"standard","meta":{"footnotes":""},"categories":[7],"tags":[],"class_list":["post-13675","post","type-post","status-publish","format-standard","has-post-thumbnail","hentry","category-nacional"],"_links":{"self":[{"href":"https:\/\/ldpublicicdad.com\/index.php?rest_route=\/wp\/v2\/posts\/13675","targetHints":{"allow":["GET"]}}],"collection":[{"href":"https:\/\/ldpublicicdad.com\/index.php?rest_route=\/wp\/v2\/posts"}],"about":[{"href":"https:\/\/ldpublicicdad.com\/index.php?rest_route=\/wp\/v2\/types\/post"}],"author":[{"embeddable":true,"href":"https:\/\/ldpublicicdad.com\/index.php?rest_route=\/wp\/v2\/users\/1"}],"replies":[{"embeddable":true,"href":"https:\/\/ldpublicicdad.com\/index.php?rest_route=%2Fwp%2Fv2%2Fcomments&post=13675"}],"version-history":[{"count":1,"href":"https:\/\/ldpublicicdad.com\/index.php?rest_route=\/wp\/v2\/posts\/13675\/revisions"}],"predecessor-version":[{"id":13676,"href":"https:\/\/ldpublicicdad.com\/index.php?rest_route=\/wp\/v2\/posts\/13675\/revisions\/13676"}],"wp:featuredmedia":[{"embeddable":true,"href":"https:\/\/ldpublicicdad.com\/index.php?rest_route=\/wp\/v2\/media\/13677"}],"wp:attachment":[{"href":"https:\/\/ldpublicicdad.com\/index.php?rest_route=%2Fwp%2Fv2%2Fmedia&parent=13675"}],"wp:term":[{"taxonomy":"category","embeddable":true,"href":"https:\/\/ldpublicicdad.com\/index.php?rest_route=%2Fwp%2Fv2%2Fcategories&post=13675"},{"taxonomy":"post_tag","embeddable":true,"href":"https:\/\/ldpublicicdad.com\/index.php?rest_route=%2Fwp%2Fv2%2Ftags&post=13675"}],"curies":[{"name":"wp","href":"https:\/\/api.w.org\/{rel}","templated":true}]}}