{"id":13624,"date":"2023-04-11T16:00:53","date_gmt":"2023-04-11T21:00:53","guid":{"rendered":"https:\/\/ldpublicicdad.com\/?p=13624"},"modified":"2023-04-11T15:59:02","modified_gmt":"2023-04-11T15:59:02","slug":"movilizan-200-efectivos-del-ejercito-de-mexico-a-zona-fronteriza-de-nuevo-laredo","status":"publish","type":"post","link":"https:\/\/ldpublicicdad.com\/?p=13624","title":{"rendered":"Movilizan 200 efectivos del ej\u00e9rcito de M\u00e9xico a zona fronteriza de Nuevo Laredo"},"content":{"rendered":"<p>La Secretar\u00eda de Defensa Nacional de M\u00e9xico inform\u00f3 este lunes a trav\u00e9s de un comunicado la movilizaci\u00f3n de 200 soldados a la zona fronteriza de Nuevo Laredo, Tamaulipas.<\/p>\n<p>La Secretaria de Defensa agreg\u00f3 que el movimiento de tropas de hace con el objetivo de velar y salvaguardar el bienestar de los ciudadanos, contribuyendo con los proyectos para garantizar la paz y seguridad en la entidad.<\/p>\n<p>Los 200 efectivos pertenecen a las Fuerzas Especiales y su despliegue pretende, seg\u00fan el comunicado, \u00abinhibir las actividades de la delincuencia organizada\u00bb en Tamaulipas, ayudar a las fuerzas de orden p\u00fablico e \u00abincrementar el nivel de confianza\u00bb por parte de la poblaci\u00f3n hacia \u00absu Ej\u00e9rcito y Fuerza A\u00e9rea mexicanos\u00bb.<\/p>\n","protected":false},"excerpt":{"rendered":"<p>La Secretar\u00eda de Defensa Nacional de M\u00e9xico inform\u00f3 este lunes a trav\u00e9s de un comunicado la movilizaci\u00f3n de 200 soldados a la zona fronteriza de Nuevo Laredo, Tamaulipas. La Secretaria&hellip;<\/p>\n","protected":false},"author":1,"featured_media":13626,"comment_status":"open","ping_status":"closed","sticky":false,"template":"","format":"standard","meta":{"footnotes":""},"categories":[7],"tags":[],"class_list":["post-13624","post","type-post","status-publish","format-standard","has-post-thumbnail","hentry","category-nacional"],"_links":{"self":[{"href":"https:\/\/ldpublicicdad.com\/index.php?rest_route=\/wp\/v2\/posts\/13624","targetHints":{"allow":["GET"]}}],"collection":[{"href":"https:\/\/ldpublicicdad.com\/index.php?rest_route=\/wp\/v2\/posts"}],"about":[{"href":"https:\/\/ldpublicicdad.com\/index.php?rest_route=\/wp\/v2\/types\/post"}],"author":[{"embeddable":true,"href":"https:\/\/ldpublicicdad.com\/index.php?rest_route=\/wp\/v2\/users\/1"}],"replies":[{"embeddable":true,"href":"https:\/\/ldpublicicdad.com\/index.php?rest_route=%2Fwp%2Fv2%2Fcomments&post=13624"}],"version-history":[{"count":1,"href":"https:\/\/ldpublicicdad.com\/index.php?rest_route=\/wp\/v2\/posts\/13624\/revisions"}],"predecessor-version":[{"id":13625,"href":"https:\/\/ldpublicicdad.com\/index.php?rest_route=\/wp\/v2\/posts\/13624\/revisions\/13625"}],"wp:featuredmedia":[{"embeddable":true,"href":"https:\/\/ldpublicicdad.com\/index.php?rest_route=\/wp\/v2\/media\/13626"}],"wp:attachment":[{"href":"https:\/\/ldpublicicdad.com\/index.php?rest_route=%2Fwp%2Fv2%2Fmedia&parent=13624"}],"wp:term":[{"taxonomy":"category","embeddable":true,"href":"https:\/\/ldpublicicdad.com\/index.php?rest_route=%2Fwp%2Fv2%2Fcategories&post=13624"},{"taxonomy":"post_tag","embeddable":true,"href":"https:\/\/ldpublicicdad.com\/index.php?rest_route=%2Fwp%2Fv2%2Ftags&post=13624"}],"curies":[{"name":"wp","href":"https:\/\/api.w.org\/{rel}","templated":true}]}}