{"id":13465,"date":"2023-04-06T12:07:45","date_gmt":"2023-04-06T17:07:45","guid":{"rendered":"https:\/\/ldpublicicdad.com\/?p=13465"},"modified":"2023-04-06T17:07:54","modified_gmt":"2023-04-06T17:07:54","slug":"usuarios-critican-a-maribel-guardia-por-foto-quotde-despedidaquot","status":"publish","type":"post","link":"https:\/\/ldpublicicdad.com\/?p=13465","title":{"rendered":"Usuarios critican a Maribel Guardia por foto &amp;quot;de despedida&amp;quot;"},"content":{"rendered":"<p>Andr\u00e9s Garc\u00eda perdi\u00f3 la vida esta semana y muchas muestras de cari\u00f1o son la que le han llegado a la familia y amigos del medio art\u00edstico.<\/p>\n<p>Una de sus grandes amigas y compa\u00f1era del actor fue la costarricense Maribel Guardia, con quien comparti\u00f3 cr\u00e9ditos en pel\u00edculas como &#8216;Pedro Navajas&#8217;.<\/p>\n<p>La actriz public\u00f3 un par de im\u00e1genes para recordar parte de los pasajes que pas\u00f3 junto al actor en vida.<\/p>\n<p>Sin embargo, una buena parte de sus seguidores mostraron su incomodidad de acuerdo a una imagen que eligi\u00f3 la tambi\u00e9n conductora y que no fue del agrado del p\u00fablico.<\/p>\n<p>\u00abMi querido amigo Andr\u00e9s Garc\u00eda hoy te toc\u00f3 trascender. Los que continuamos en este camino hermoso que es la vida, te extra\u00f1aremos y te recordaremos a trav\u00e9s de todo el legado art\u00edstico que dejas. Descansa en Paz. Mi m\u00e1s sentido p\u00e9same a tu esposa e hijos\u00bb, fue el mensaje de Maribel Guardia en sus redes sociales.<\/p>\n","protected":false},"excerpt":{"rendered":"<p>Andr\u00e9s Garc\u00eda perdi\u00f3 la vida esta semana y muchas muestras de cari\u00f1o son la que le han llegado a la familia y amigos del medio art\u00edstico. Una de sus grandes&hellip;<\/p>\n","protected":false},"author":1,"featured_media":13467,"comment_status":"open","ping_status":"closed","sticky":false,"template":"","format":"standard","meta":{"footnotes":""},"categories":[4],"tags":[],"class_list":["post-13465","post","type-post","status-publish","format-standard","has-post-thumbnail","hentry","category-espectaculos"],"_links":{"self":[{"href":"https:\/\/ldpublicicdad.com\/index.php?rest_route=\/wp\/v2\/posts\/13465","targetHints":{"allow":["GET"]}}],"collection":[{"href":"https:\/\/ldpublicicdad.com\/index.php?rest_route=\/wp\/v2\/posts"}],"about":[{"href":"https:\/\/ldpublicicdad.com\/index.php?rest_route=\/wp\/v2\/types\/post"}],"author":[{"embeddable":true,"href":"https:\/\/ldpublicicdad.com\/index.php?rest_route=\/wp\/v2\/users\/1"}],"replies":[{"embeddable":true,"href":"https:\/\/ldpublicicdad.com\/index.php?rest_route=%2Fwp%2Fv2%2Fcomments&post=13465"}],"version-history":[{"count":1,"href":"https:\/\/ldpublicicdad.com\/index.php?rest_route=\/wp\/v2\/posts\/13465\/revisions"}],"predecessor-version":[{"id":13466,"href":"https:\/\/ldpublicicdad.com\/index.php?rest_route=\/wp\/v2\/posts\/13465\/revisions\/13466"}],"wp:featuredmedia":[{"embeddable":true,"href":"https:\/\/ldpublicicdad.com\/index.php?rest_route=\/wp\/v2\/media\/13467"}],"wp:attachment":[{"href":"https:\/\/ldpublicicdad.com\/index.php?rest_route=%2Fwp%2Fv2%2Fmedia&parent=13465"}],"wp:term":[{"taxonomy":"category","embeddable":true,"href":"https:\/\/ldpublicicdad.com\/index.php?rest_route=%2Fwp%2Fv2%2Fcategories&post=13465"},{"taxonomy":"post_tag","embeddable":true,"href":"https:\/\/ldpublicicdad.com\/index.php?rest_route=%2Fwp%2Fv2%2Ftags&post=13465"}],"curies":[{"name":"wp","href":"https:\/\/api.w.org\/{rel}","templated":true}]}}