{"id":12690,"date":"2023-03-11T15:29:00","date_gmt":"2023-03-11T20:29:00","guid":{"rendered":"https:\/\/ldpublicicdad.com\/?p=12690"},"modified":"2023-03-11T20:29:02","modified_gmt":"2023-03-11T20:29:02","slug":"horario-de-verano-2023-que-municipios-cambian-de-hora-este-domingo-en-mexico","status":"publish","type":"post","link":"https:\/\/ldpublicicdad.com\/?p=12690","title":{"rendered":"Horario de verano 2023: qu\u00e9 municipios cambian de hora este domingo en M\u00e9xico"},"content":{"rendered":"<header class=\"a_e _g _g-xs\">\n<div class=\"a_e_txt _df\">\n<h4 class=\"a_st\" style=\"text-align: center;\">Quienes se encuentren en el Estado de Baja California o en los municipios fronterizos de Coahuila, Nuevo Le\u00f3n y Tamaulipas, deber\u00e1n ajustar sus relojes<\/h4>\n<\/div>\n<\/header>\n<div class=\"a_md _g _g-xs \">\n<p class=\"\">El horario de verano se\u00a0elimin\u00f3 en M\u00e9xico en octubre de 2022. Se estableci\u00f3 la\u00a0Ley de husos horarios\u00a0y termin\u00f3 la tarea de adelantar y atrasar el reloj que consum\u00eda el tiempo de los habitantes. El presidente del pa\u00eds,\u00a0Andr\u00e9s Manuel L\u00f3pez Obrador, asegur\u00f3\u00a0que representaba un ahorro de energ\u00eda muy bajo y el descontento popular era mayor. Despu\u00e9s de 26 a\u00f1os, los mexicanos dejaron de preocuparse por el d\u00eda y la hora que religiosamente se modificaban los relojes del hogar.<\/p>\n<p class=\"\">Para la frontera norte de M\u00e9xico la historia ser\u00e1 otra. Debido a la relaci\u00f3n laboral, social y econ\u00f3mica que mantienen con Estados Unidos, cuatro Estados del norte s\u00ed adelantar\u00e1n la hora. Quienes se encuentren en el Estado de Baja California o en los municipios fronterizos de Coahuila, Nuevo Le\u00f3n y Tamaulipas, deber\u00e1n ajustar sus relojes.<\/p>\n<h3 class=\"\">Cu\u00e1ndo debe cambiar el horario<\/h3>\n<p class=\"\">De acuerdo con el decreto, el horario estacional fronterizo norte tendr\u00e1 efecto a partir de las 2.00 de la ma\u00f1ana del segundo domingo de marzo y terminar\u00e1 a la misma hora del primer domingo de noviembre. Es decir, el domingo 12 de marzo la frontera despertar\u00e1 una hora adelante.<\/p>\n<h3 class=\"\">Se adelanta o atrasa el horario<\/h3>\n<p class=\"\">Estos estados adelantar\u00e1n el reloj una hora.<\/p>\n<h3 class=\"\">\u00bfQu\u00e9 municipios tendr\u00e1n horario estacional?<\/h3>\n<h4 class=\"\">Coahuila<\/h4>\n<p class=\"\">Coahuila posee la mayor cantidad de municipios fronterizos. Acu\u00f1a, Allende, Guerrero, Hidalgo, Jim\u00e9nez, Morelos, Nava, Ocampo, Piedras Negras, Villa Uni\u00f3n y Zaragoza.<\/p>\n<h4 class=\"\">Nuevo Le\u00f3n<\/h4>\n<p class=\"\">An\u00e1huac es la \u00fanica frontera de Nuevo Le\u00f3n y colinda con Laredo y Texas.<\/p>\n<h4 class=\"\">Tamaulipas<\/h4>\n<p class=\"\">Diez municipios de Tamaulipas tambi\u00e9n cambiar\u00e1n su horario. La frontera contempla a Nuevo Laredo, Guerrero, Mier, Miguel Alem\u00e1n, Camargo, Gustavo D\u00edaz Ordaz, Reynosa, R\u00edo Bravo, Valle Hermoso y Matamoros.<\/p>\n<h4 class=\"\">Baja California<\/h4>\n<p class=\"\">Todo el Estado cambiar\u00e1 de horario, por lo que desde marzo hasta noviembre existir\u00e1 una hora de diferencia entre los municipios de este Estado y Ciudad de M\u00e9xico.<\/p>\n<h3 class=\"\">Chihuahua no cambia de hora<\/h3>\n<p class=\"\">La gran confusi\u00f3n ha ocurrido con el estado de Chihuahua, que ha movido su horario para sincronizarlo con el de Ciudad de M\u00e9xico. El Estado no cambiar\u00e1 de hora durante todo el a\u00f1o.<\/p>\n<\/div>\n","protected":false},"excerpt":{"rendered":"<p>Quienes se encuentren en el Estado de Baja California o en los municipios fronterizos de Coahuila, Nuevo Le\u00f3n y Tamaulipas, deber\u00e1n ajustar sus relojes El horario de verano se\u00a0elimin\u00f3 en&hellip;<\/p>\n","protected":false},"author":1,"featured_media":12692,"comment_status":"open","ping_status":"closed","sticky":false,"template":"","format":"standard","meta":{"footnotes":""},"categories":[7],"tags":[],"class_list":["post-12690","post","type-post","status-publish","format-standard","has-post-thumbnail","hentry","category-nacional"],"_links":{"self":[{"href":"https:\/\/ldpublicicdad.com\/index.php?rest_route=\/wp\/v2\/posts\/12690","targetHints":{"allow":["GET"]}}],"collection":[{"href":"https:\/\/ldpublicicdad.com\/index.php?rest_route=\/wp\/v2\/posts"}],"about":[{"href":"https:\/\/ldpublicicdad.com\/index.php?rest_route=\/wp\/v2\/types\/post"}],"author":[{"embeddable":true,"href":"https:\/\/ldpublicicdad.com\/index.php?rest_route=\/wp\/v2\/users\/1"}],"replies":[{"embeddable":true,"href":"https:\/\/ldpublicicdad.com\/index.php?rest_route=%2Fwp%2Fv2%2Fcomments&post=12690"}],"version-history":[{"count":1,"href":"https:\/\/ldpublicicdad.com\/index.php?rest_route=\/wp\/v2\/posts\/12690\/revisions"}],"predecessor-version":[{"id":12691,"href":"https:\/\/ldpublicicdad.com\/index.php?rest_route=\/wp\/v2\/posts\/12690\/revisions\/12691"}],"wp:featuredmedia":[{"embeddable":true,"href":"https:\/\/ldpublicicdad.com\/index.php?rest_route=\/wp\/v2\/media\/12692"}],"wp:attachment":[{"href":"https:\/\/ldpublicicdad.com\/index.php?rest_route=%2Fwp%2Fv2%2Fmedia&parent=12690"}],"wp:term":[{"taxonomy":"category","embeddable":true,"href":"https:\/\/ldpublicicdad.com\/index.php?rest_route=%2Fwp%2Fv2%2Fcategories&post=12690"},{"taxonomy":"post_tag","embeddable":true,"href":"https:\/\/ldpublicicdad.com\/index.php?rest_route=%2Fwp%2Fv2%2Ftags&post=12690"}],"curies":[{"name":"wp","href":"https:\/\/api.w.org\/{rel}","templated":true}]}}