{"id":12636,"date":"2023-03-09T13:57:56","date_gmt":"2023-03-09T18:57:56","guid":{"rendered":"https:\/\/ldpublicicdad.com\/?p=12636"},"modified":"2023-03-09T18:58:05","modified_gmt":"2023-03-09T18:58:05","slug":"captan-a-kendall-jenner-y-bad-bunny-en-tremendo-beso","status":"publish","type":"post","link":"https:\/\/ldpublicicdad.com\/?p=12636","title":{"rendered":"Captan a Kendall Jenner y Bad Bunny \u00a1en tremendo beso!"},"content":{"rendered":"<p>Kendall Jenner y Bad Bunny fueron captados en Los \u00c1ngeles en una situaci\u00f3n muy rom\u00e1ntica, as\u00ed se mostr\u00f3 en las im\u00e1genes que circularon a trav\u00e9s de las redes sociales.<\/p>\n<p>El famoso cantante de reggaet\u00f3n y la socialit\u00e9 aparecieron muy juntos y en lo que parece un buen beso, lo que llevar\u00eda a pensar que ya tienen una relaci\u00f3n de m\u00e1s que amigos.<\/p>\n<p>Incluso, semanas atr\u00e1s, Kendall Jenner y Bad Bunny se dejaron ver en lo que parec\u00eda una cita doble con Justin Bieber y Hailey, lo que dispar\u00f3 las versiones sobre su relaci\u00f3n sentimental.<\/p>\n<p>Adem\u00e1s, en versiones de TMZ, lo que se supone fue una cumbre rom\u00e1ntica fue \u2018chaperoneada\u2019 por algunos de sus amigos, previo a la postal donde ambos se acercan, abrazan y dan a entender el tremendo beso para mantener m\u00e1s incertidumbre sobre su historia en particular.<\/p>\n<p>or lo pronto, Kendall Jenner y Bad Bunny no se han pronunciado oficialmente al respecto, dejando a la imaginaci\u00f3n de los fans una eventual relaci\u00f3n; incluso, el encuentro entre los famosos personajes sac\u00f3 a flote el cuestionamiento de \u00bfd\u00f3nde qued\u00f3 la modelo Gabriela Berlingeri?<\/p>\n<p>Gabriela Berlingeri, en ocasiones anteriores, se hab\u00eda dejado ver frecuentemente con Bad Bunny, aunque fue el propio int\u00e9rprete de \u2018Neverita\u2019 quien confirm\u00f3 que solo se trataba de una buena amistad.<\/p>\n<p>Bad Bunny, en los \u00faltimos meses, se ha tomado un descanso despu\u00e9s de la intensa gira mundial, que rompi\u00f3 r\u00e9cords de asistencia en varios pa\u00edses; incluso, en M\u00e9xico se gener\u00f3 una dur\u00edsima pol\u00e9mica por su presentaci\u00f3n en el Estadio Azteca, donde la boletera oficial present\u00f3 problemas en su sistema y dej\u00f3 a cientos de fans sin disfrutar de su artista, a pesar de contar, en su mayor\u00eda, con tickets leg\u00edtimos.<\/p>\n","protected":false},"excerpt":{"rendered":"<p>Kendall Jenner y Bad Bunny fueron captados en Los \u00c1ngeles en una situaci\u00f3n muy rom\u00e1ntica, as\u00ed se mostr\u00f3 en las im\u00e1genes que circularon a trav\u00e9s de las redes sociales. El&hellip;<\/p>\n","protected":false},"author":1,"featured_media":12638,"comment_status":"open","ping_status":"closed","sticky":false,"template":"","format":"standard","meta":{"footnotes":""},"categories":[4],"tags":[],"class_list":["post-12636","post","type-post","status-publish","format-standard","has-post-thumbnail","hentry","category-espectaculos"],"_links":{"self":[{"href":"https:\/\/ldpublicicdad.com\/index.php?rest_route=\/wp\/v2\/posts\/12636","targetHints":{"allow":["GET"]}}],"collection":[{"href":"https:\/\/ldpublicicdad.com\/index.php?rest_route=\/wp\/v2\/posts"}],"about":[{"href":"https:\/\/ldpublicicdad.com\/index.php?rest_route=\/wp\/v2\/types\/post"}],"author":[{"embeddable":true,"href":"https:\/\/ldpublicicdad.com\/index.php?rest_route=\/wp\/v2\/users\/1"}],"replies":[{"embeddable":true,"href":"https:\/\/ldpublicicdad.com\/index.php?rest_route=%2Fwp%2Fv2%2Fcomments&post=12636"}],"version-history":[{"count":1,"href":"https:\/\/ldpublicicdad.com\/index.php?rest_route=\/wp\/v2\/posts\/12636\/revisions"}],"predecessor-version":[{"id":12637,"href":"https:\/\/ldpublicicdad.com\/index.php?rest_route=\/wp\/v2\/posts\/12636\/revisions\/12637"}],"wp:featuredmedia":[{"embeddable":true,"href":"https:\/\/ldpublicicdad.com\/index.php?rest_route=\/wp\/v2\/media\/12638"}],"wp:attachment":[{"href":"https:\/\/ldpublicicdad.com\/index.php?rest_route=%2Fwp%2Fv2%2Fmedia&parent=12636"}],"wp:term":[{"taxonomy":"category","embeddable":true,"href":"https:\/\/ldpublicicdad.com\/index.php?rest_route=%2Fwp%2Fv2%2Fcategories&post=12636"},{"taxonomy":"post_tag","embeddable":true,"href":"https:\/\/ldpublicicdad.com\/index.php?rest_route=%2Fwp%2Fv2%2Ftags&post=12636"}],"curies":[{"name":"wp","href":"https:\/\/api.w.org\/{rel}","templated":true}]}}