{"id":12618,"date":"2023-03-09T09:22:53","date_gmt":"2023-03-09T14:22:53","guid":{"rendered":"https:\/\/ldpublicicdad.com\/?p=12618"},"modified":"2023-03-09T14:23:02","modified_gmt":"2023-03-09T14:23:02","slug":"reportan-sismo-de-4-7-grados-con-epicentro-en-matias-romero-oaxaca","status":"publish","type":"post","link":"https:\/\/ldpublicicdad.com\/?p=12618","title":{"rendered":"Reportan sismo de 4.7 grados con epicentro en Mat\u00edas Romero, Oaxaca"},"content":{"rendered":"<p>La ma\u00f1ana de este jueves a las 6:01, se registr\u00f3 un sismo de 4.7 grados de magnitud con epicentro en Mat\u00edas Romero, Oaxaca.<\/p>\n<p>Inicialmente, el Sismol\u00f3gico Nacional report\u00f3 una magnitud preliminar de 4.9 grados, pero m\u00e1s tarde, lo ajust\u00f3 a 4.7.<\/p>\n<p>Hasta el momento no se reportan da\u00f1os o afectaciones.<\/p>\n<p>No amerit\u00f3 Alerta S\u00edsmica<br \/>\nSasmex inform\u00f3 que el evento no amerit\u00f3 la activaci\u00f3n de la Alerta S\u00edsmica en la Ciudad de M\u00e9xico.<\/p>\n<p>\u00abEl d\u00eda 09 de marzo del 2023 a las 06:01:55 hrs. (hora local) el Sistema de Alerta S\u00edsmica Mexicano (SASMEX\u00ae) detect\u00f3 un sismo que No Amerit\u00f3 aviso de Alerta en la Ciudad de M\u00e9xico\u00bb.<\/p>\n<p>Sasmex explic\u00f3 que detect\u00f3 el sismo inicialmente en 8 estaciones sismo sensoras \u00abque No Amerit\u00f3 aviso de Alerta a la Ciudad de M\u00e9xico porque la energ\u00eda del sismo en desarrollo, permiti\u00f3 pronosticar un efecto s\u00edsmico menor en la Ciudad\u00bb.<\/p>\n","protected":false},"excerpt":{"rendered":"<p>La ma\u00f1ana de este jueves a las 6:01, se registr\u00f3 un sismo de 4.7 grados de magnitud con epicentro en Mat\u00edas Romero, Oaxaca. Inicialmente, el Sismol\u00f3gico Nacional report\u00f3 una magnitud&hellip;<\/p>\n","protected":false},"author":1,"featured_media":12620,"comment_status":"open","ping_status":"closed","sticky":false,"template":"","format":"standard","meta":{"footnotes":""},"categories":[7],"tags":[],"class_list":["post-12618","post","type-post","status-publish","format-standard","has-post-thumbnail","hentry","category-nacional"],"_links":{"self":[{"href":"https:\/\/ldpublicicdad.com\/index.php?rest_route=\/wp\/v2\/posts\/12618","targetHints":{"allow":["GET"]}}],"collection":[{"href":"https:\/\/ldpublicicdad.com\/index.php?rest_route=\/wp\/v2\/posts"}],"about":[{"href":"https:\/\/ldpublicicdad.com\/index.php?rest_route=\/wp\/v2\/types\/post"}],"author":[{"embeddable":true,"href":"https:\/\/ldpublicicdad.com\/index.php?rest_route=\/wp\/v2\/users\/1"}],"replies":[{"embeddable":true,"href":"https:\/\/ldpublicicdad.com\/index.php?rest_route=%2Fwp%2Fv2%2Fcomments&post=12618"}],"version-history":[{"count":1,"href":"https:\/\/ldpublicicdad.com\/index.php?rest_route=\/wp\/v2\/posts\/12618\/revisions"}],"predecessor-version":[{"id":12619,"href":"https:\/\/ldpublicicdad.com\/index.php?rest_route=\/wp\/v2\/posts\/12618\/revisions\/12619"}],"wp:featuredmedia":[{"embeddable":true,"href":"https:\/\/ldpublicicdad.com\/index.php?rest_route=\/wp\/v2\/media\/12620"}],"wp:attachment":[{"href":"https:\/\/ldpublicicdad.com\/index.php?rest_route=%2Fwp%2Fv2%2Fmedia&parent=12618"}],"wp:term":[{"taxonomy":"category","embeddable":true,"href":"https:\/\/ldpublicicdad.com\/index.php?rest_route=%2Fwp%2Fv2%2Fcategories&post=12618"},{"taxonomy":"post_tag","embeddable":true,"href":"https:\/\/ldpublicicdad.com\/index.php?rest_route=%2Fwp%2Fv2%2Ftags&post=12618"}],"curies":[{"name":"wp","href":"https:\/\/api.w.org\/{rel}","templated":true}]}}