{"id":12351,"date":"2023-02-27T15:30:25","date_gmt":"2023-02-27T20:30:25","guid":{"rendered":"https:\/\/ldpublicicdad.com\/?p=12351"},"modified":"2023-02-27T20:30:26","modified_gmt":"2023-02-27T20:30:26","slug":"mas-de-100-000-personas-protestan-en-mexico-contra-las-modificaciones-al-ine","status":"publish","type":"post","link":"https:\/\/ldpublicicdad.com\/?p=12351","title":{"rendered":"M\u00e1s de 100.000 personas protestan en M\u00e9xico contra las modificaciones al INE"},"content":{"rendered":"<h4 id=\"article-summary\" class=\"css-1n0orw4 e1wiw3jv0\" style=\"text-align: center;\">Se registraron manifestaciones en m\u00e1s de un centenar de ciudades del pa\u00eds contra una serie de medidas que van a limitar a la autoridad electoral y que, seg\u00fan sus funcionarios, dificultar\u00e1 garantizar elecciones libres y justas.<\/h4>\n<div class=\"css-10cldcv\">\n<div role=\"toolbar\" data-testid=\"share-tools\" aria-label=\"Social Media Share buttons, Save button, and Comments Panel with current comment count\">\n<div class=\"css-9hm018\">\n<div class=\"css-vxcmzt\">\n<div class=\"css-113xjf1\">\n<p class=\"css-at9mc1 evys1bk0\">M\u00e1s de 100.000 personas salieron a las calles de M\u00e9xico el domingo para protestar las leyes reci\u00e9n aprobadas que restringen al instituto electoral del pa\u00eds, en lo que los manifestantes dijeron era un repudio a los esfuerzos del presidente de debilitar a un pilar de la democracia.<\/p>\n<p class=\"css-at9mc1 evys1bk0\">Vestidos en varios tonos de rosa, el color oficial del \u00f3rgano de supervisi\u00f3n electoral que ayud\u00f3 a terminar con el r\u00e9gimen de partido \u00fanico hace dos d\u00e9cadas, los manifestantes llenaron el Z\u00f3calo de la capital y gritaron: \u201c\u00a1El voto no se toca!\u201d.<\/p>\n<div class=\"css-53u6y8\">\n<p class=\"css-at9mc1 evys1bk0\">Los asistentes dijeron que buscaban enviar un mensaje al presidente de M\u00e9xico, Andr\u00e9s Manuel L\u00f3pez Obrador, quien respald\u00f3 las medidas y reside en el Palacio Nacional, frente a la principal plaza de la capital.<\/p>\n<p class=\"css-at9mc1 evys1bk0\">Pero tambi\u00e9n se dirig\u00edan directamente a la Suprema Corte de Justicia de la Naci\u00f3n, que se espera que atienda las impugnaciones a las modificaciones al instituto electoral en los pr\u00f3ximos meses. Muchos consideran que se trata de un momento que plantea un desaf\u00edo crucial a la corte, que ha sido objeto de cr\u00edticas por parte del presidente.<\/p>\n<p class=\"css-at9mc1 evys1bk0\">La ma\u00f1ana del domingo, los manifestantes tambi\u00e9n gritaron: \u201c\u00a1Yo conf\u00edo en la corte!\u201d.<\/p>\n<p class=\"css-at9mc1 evys1bk0\">Horas antes del inicio oficial de la protesta, los asistentes, algunos vistiendo camisas de botones bien planchadas y sombreros de paja, se reun\u00edan en cafeter\u00edas y tomaban desayuno en una terraza con vista a la sede de gobierno.<\/p>\n<p class=\"css-at9mc1 evys1bk0\">Pero en la calle, el ambiente era de ansiedad.<\/p>\n<p class=\"css-at9mc1 evys1bk0\">\u201cYo pagu\u00e9 mis propios gastos y mi estancia, pero no me pesa: har\u00eda eso y m\u00e1s por mi pa\u00eds\u201d, dijo Marta Ofelia Gonz\u00e1lez, de 75 a\u00f1os, quien vol\u00f3 de Mazatl\u00e1n, en el estado costero de Sinaloa, y llevaba una visera de paja para cubrirse de un sol intenso.<\/p>\n<p class=\"css-at9mc1 evys1bk0\">Acudi\u00f3, dijo, porque teme \u201cperder la democracia y que nos convirtamos en una dictadura\u201d.<\/p>\n<p class=\"css-at9mc1 evys1bk0\">El presidente argumenta que los cambios van a ahorrar millones de d\u00f3lares y mejorar\u00e1n el sistema de votaci\u00f3n. Pero los funcionarios electorales comentan que la modificaci\u00f3n va a dificultar que se garanticen elecciones libres y justas, incluida la contienda presidencial del pr\u00f3ximo a\u00f1o.<\/p>\n<p class=\"css-at9mc1 evys1bk0\">\u201cEs la \u00faltima esperanza\u201d, dijo Guadalupe Acosta Naranjo, un exdiputado de izquierda y uno de los organizadores de la protesta. \u201cQueremos generar un respaldo\u201d, dijo, \u201cpara fortalecer la idea de que la Suprema Corte debe declarar inconstitucionales estas leyes\u201d. De otro modo, agreg\u00f3 Acosta Naranjo, \u201ctendr\u00edamos que ir a la elecci\u00f3n con un \u00e1rbitro parcial y un \u00e1rbitro disminuido\u201d.<\/p>\n<p class=\"css-at9mc1 evys1bk0\">No se sab\u00eda con certeza de inmediato cu\u00e1ntas personas protestaron en todo el pa\u00eds \u2014se organizaron manifestaciones en m\u00e1s de 100 ciudades\u2014 a pesar de que las cifras solo en Ciudad de M\u00e9xico superaron los 100.000 asistentes, seg\u00fan organizadores y autoridades locales.<\/p>\n<p class=\"css-at9mc1 evys1bk0\">Sobre las protestas se cern\u00eda la\u00a0condena reciente en un tribunal de Brooklyn de Genaro Garc\u00eda Luna, un exalto funcionario de seguridad mexicano, quien fue declarado culpable de recibir sobornos de los c\u00e1rteles del narcotr\u00e1fico: en M\u00e9xico, el veredicto se percibe ampliamente como da\u00f1ino a uno de los partidos de la oposici\u00f3n que ayudaron a organizar la protesta del domingo.<\/p>\n<div class=\"css-53u6y8\">\n<p class=\"css-at9mc1 evys1bk0\">Garc\u00eda Luna fungi\u00f3 como un funcionario de seguridad de alto rango durante m\u00e1s de una d\u00e9cada con dos presidentes del Partido Acci\u00f3n Nacional \u2014Vicente Fox y Felipe Calder\u00f3n\u2014 que hicieron llamados p\u00fablicos para que los ciudadanos se unieran a la protesta.<\/p>\n<p class=\"css-at9mc1 evys1bk0\">En las calles que recorrieron los manifestantes el domingo hab\u00eda afiches con el rostro de Garc\u00eda Luna y la palabra \u201cculpable\u201d.<\/p>\n<p class=\"css-at9mc1 evys1bk0\">El presidente ha insinuado que a los manifestantes los motiva el deseo de devolver el pa\u00eds a manos de los l\u00edderes corruptos del pasado.<\/p>\n<p class=\"css-at9mc1 evys1bk0\">\u201cVan a venir porque hay un grupo de intereses creados, de corruptos, que quiere regresar al poder para seguir robando\u201d, dijo L\u00f3pez Obrador en una conferencia de prensa reciente refiri\u00e9ndose a los manifestantes del domingo. \u201cNo vengan aqu\u00ed a decir: \u2018Es que nos importa la democracia, es que se afecta la democracia\u2019\u201d.<\/p>\n<p class=\"css-at9mc1 evys1bk0\">Era la segunda vez en alrededor de cuatro meses que los mexicanos se hab\u00edan manifestado en apoyo del instituto de vigilancia electoral, que el presidente y sus seguidores aseguran que se ha convertido en una burocracia inflada cooptada por intereses pol\u00edticos.<\/p>\n<p class=\"css-at9mc1 evys1bk0\">\u201cTiene un poder desmesurado y desviado\u201d, dijo Pedro Miguel, un periodista de La Jornada, un diario de izquierda, quien se describi\u00f3 como \u201cmilitante\u201d del proyecto pol\u00edtico del presidente. Miguel critic\u00f3 al INE por pagarle demasiado a sus integrantes, incluido un bono al retirarse.<\/p>\n<\/div>\n<\/div>\n<\/div>\n<\/div>\n<\/div>\n<\/div>\n<\/div>\n","protected":false},"excerpt":{"rendered":"<p>Se registraron manifestaciones en m\u00e1s de un centenar de ciudades del pa\u00eds contra una serie de medidas que van a limitar a la autoridad electoral y que, seg\u00fan sus funcionarios,&hellip;<\/p>\n","protected":false},"author":1,"featured_media":12353,"comment_status":"open","ping_status":"closed","sticky":false,"template":"","format":"standard","meta":{"footnotes":""},"categories":[7],"tags":[],"class_list":["post-12351","post","type-post","status-publish","format-standard","has-post-thumbnail","hentry","category-nacional"],"_links":{"self":[{"href":"https:\/\/ldpublicicdad.com\/index.php?rest_route=\/wp\/v2\/posts\/12351","targetHints":{"allow":["GET"]}}],"collection":[{"href":"https:\/\/ldpublicicdad.com\/index.php?rest_route=\/wp\/v2\/posts"}],"about":[{"href":"https:\/\/ldpublicicdad.com\/index.php?rest_route=\/wp\/v2\/types\/post"}],"author":[{"embeddable":true,"href":"https:\/\/ldpublicicdad.com\/index.php?rest_route=\/wp\/v2\/users\/1"}],"replies":[{"embeddable":true,"href":"https:\/\/ldpublicicdad.com\/index.php?rest_route=%2Fwp%2Fv2%2Fcomments&post=12351"}],"version-history":[{"count":1,"href":"https:\/\/ldpublicicdad.com\/index.php?rest_route=\/wp\/v2\/posts\/12351\/revisions"}],"predecessor-version":[{"id":12352,"href":"https:\/\/ldpublicicdad.com\/index.php?rest_route=\/wp\/v2\/posts\/12351\/revisions\/12352"}],"wp:featuredmedia":[{"embeddable":true,"href":"https:\/\/ldpublicicdad.com\/index.php?rest_route=\/wp\/v2\/media\/12353"}],"wp:attachment":[{"href":"https:\/\/ldpublicicdad.com\/index.php?rest_route=%2Fwp%2Fv2%2Fmedia&parent=12351"}],"wp:term":[{"taxonomy":"category","embeddable":true,"href":"https:\/\/ldpublicicdad.com\/index.php?rest_route=%2Fwp%2Fv2%2Fcategories&post=12351"},{"taxonomy":"post_tag","embeddable":true,"href":"https:\/\/ldpublicicdad.com\/index.php?rest_route=%2Fwp%2Fv2%2Ftags&post=12351"}],"curies":[{"name":"wp","href":"https:\/\/api.w.org\/{rel}","templated":true}]}}