{"id":12164,"date":"2023-02-22T10:55:29","date_gmt":"2023-02-22T15:55:29","guid":{"rendered":"https:\/\/ldpublicicdad.com\/?p=12164"},"modified":"2023-02-22T15:55:37","modified_gmt":"2023-02-22T15:55:37","slug":"mexico-clasifica-al-mundial-sub-17-de-futbol","status":"publish","type":"post","link":"https:\/\/ldpublicicdad.com\/?p=12164","title":{"rendered":"M\u00e9xico clasifica al Mundial Sub-17 de Futbol"},"content":{"rendered":"<p>La Selecci\u00f3n Mexicana Sub-17 volver\u00e1 a estar en el Mundial de dicha categor\u00eda. El Tri avanz\u00f3 tras vencer 3-0 a El Salvador.<\/p>\n<p>Stephano Carrillo fue el encargado de abrir el marcador al ser asistido por Fidel Barajas. Los centroamericanos apretaron, pero no pudieron concluir sus jugadas.<\/p>\n<p>Jos\u00e9 Ur\u00edas ampli\u00f3 la ventaja al 63\u2019. Con este tanto del Tri, El Salvador apag\u00f3 su \u00edmpetu en el ataque.<\/p>\n<p>Finalmente Ur\u00edas firm\u00f3 su doblete para sellar el duelo 3 a 0 en el Premundial. Los dirigidos por Ra\u00fal Chabrand tienen su siguiente destino fijado: Per\u00fa.<\/p>\n<p>El siguiente Mundial Sub-17 ser\u00e1 en tierras incas y M\u00e9xico buscar\u00e1 replicar la haza\u00f1a que en su momento Carlos Vela logr\u00f3 con el combinado nacional.<\/p>\n","protected":false},"excerpt":{"rendered":"<p>La Selecci\u00f3n Mexicana Sub-17 volver\u00e1 a estar en el Mundial de dicha categor\u00eda. El Tri avanz\u00f3 tras vencer 3-0 a El Salvador. Stephano Carrillo fue el encargado de abrir el&hellip;<\/p>\n","protected":false},"author":1,"featured_media":12166,"comment_status":"open","ping_status":"closed","sticky":false,"template":"","format":"standard","meta":{"footnotes":""},"categories":[3],"tags":[],"class_list":["post-12164","post","type-post","status-publish","format-standard","has-post-thumbnail","hentry","category-deportes"],"_links":{"self":[{"href":"https:\/\/ldpublicicdad.com\/index.php?rest_route=\/wp\/v2\/posts\/12164","targetHints":{"allow":["GET"]}}],"collection":[{"href":"https:\/\/ldpublicicdad.com\/index.php?rest_route=\/wp\/v2\/posts"}],"about":[{"href":"https:\/\/ldpublicicdad.com\/index.php?rest_route=\/wp\/v2\/types\/post"}],"author":[{"embeddable":true,"href":"https:\/\/ldpublicicdad.com\/index.php?rest_route=\/wp\/v2\/users\/1"}],"replies":[{"embeddable":true,"href":"https:\/\/ldpublicicdad.com\/index.php?rest_route=%2Fwp%2Fv2%2Fcomments&post=12164"}],"version-history":[{"count":1,"href":"https:\/\/ldpublicicdad.com\/index.php?rest_route=\/wp\/v2\/posts\/12164\/revisions"}],"predecessor-version":[{"id":12165,"href":"https:\/\/ldpublicicdad.com\/index.php?rest_route=\/wp\/v2\/posts\/12164\/revisions\/12165"}],"wp:featuredmedia":[{"embeddable":true,"href":"https:\/\/ldpublicicdad.com\/index.php?rest_route=\/wp\/v2\/media\/12166"}],"wp:attachment":[{"href":"https:\/\/ldpublicicdad.com\/index.php?rest_route=%2Fwp%2Fv2%2Fmedia&parent=12164"}],"wp:term":[{"taxonomy":"category","embeddable":true,"href":"https:\/\/ldpublicicdad.com\/index.php?rest_route=%2Fwp%2Fv2%2Fcategories&post=12164"},{"taxonomy":"post_tag","embeddable":true,"href":"https:\/\/ldpublicicdad.com\/index.php?rest_route=%2Fwp%2Fv2%2Ftags&post=12164"}],"curies":[{"name":"wp","href":"https:\/\/api.w.org\/{rel}","templated":true}]}}