{"id":11740,"date":"2023-02-08T15:48:03","date_gmt":"2023-02-08T20:48:03","guid":{"rendered":"https:\/\/ldpublicicdad.com\/?p=11740"},"modified":"2023-02-08T20:48:05","modified_gmt":"2023-02-08T20:48:05","slug":"presidente-cubano-visitara-mexico-este-fin-de-semana","status":"publish","type":"post","link":"https:\/\/ldpublicicdad.com\/?p=11740","title":{"rendered":"Presidente cubano visitar\u00e1 M\u00e9xico este fin de semana"},"content":{"rendered":"<div class=\"subtitle\">\n<p>De acuerdo con la Oficina de Presidencia de M\u00e9xico, se reunir\u00e1 en el estado de Campeche con el mandatario\u00a0Andr\u00e9s Manuel L\u00f3pez Obrador.<\/p>\n<\/div>\n<div class=\"txt_newworld\">\n<p>El presidente cubano, Miguel D\u00edaz-Canel, visitar\u00e1 este s\u00e1bado la naci\u00f3n mexicana y\u00a0ser\u00e1 recibido en la ciudad de Campeche, cabecera del estado hom\u00f3nimo (sureste),\u00a0por su hom\u00f3logo Andr\u00e9s Manuel L\u00f3pez Obrador en medio de un contexto matizado por el buen estado de las relaciones bilaterales.<\/p>\n<p>De acuerdo con la Oficina de Presidencia de M\u00e9xico, la recepci\u00f3n oficial tendr\u00e1 lugar a las 08H00 (hora local) en el referido estado, donde el mandatario anfitri\u00f3n tiene previsto participar en un encuentro con los m\u00e9dicos del IMSS-Bienestar, al que en meses recientes se han sumado 600 especialistas cubanos.<\/p>\n<p>Tambi\u00e9n se producir\u00e1 una reuni\u00f3n entre ambos jefes de Estado, seg\u00fan confirm\u00f3 este mi\u00e9rcoles el\u00a0canciller mexicano, Marcelo Ebrard, durante la conferencia de prensa diaria del presidente Andr\u00e9s Manuel L\u00f3pez Obrador.\u00a0Ebrard a\u00f1adi\u00f3 que la visita de D\u00edaz-Canel a M\u00e9xico concluir\u00e1 en la ma\u00f1ana del domingo.<\/p>\n<div>\n<div id=\"twitter-84\" class=\"ck-twitter\">\n<p>El jefe de Estado cubano ha visitado en tres ocasiones a la naci\u00f3n mexicana. En 2018 asisti\u00f3 a la toma de posesi\u00f3n de L\u00f3pez Obrador, para luego volver al a\u00f1o siguiente, mientras que la \u00faltima se produjo en 2022 tras de ser invitado a los actos oficiales por el D\u00eda de la Independencia.<\/p>\n<p>Por su parte, el titular del Ejecutivo mexicano visit\u00f3 a la Mayor de las Antillas en mayo pasado, cuando\u00a0recibi\u00f3 la Orden Jos\u00e9 Mart\u00ed, la m\u00e1s alta condecoraci\u00f3n que otorga el Estado cubano.<\/p>\n<p>Durante esa visita a La Habana, D\u00edaz-Canel expres\u00f3 que \u201cen la propia historia entre M\u00e9xico y Cuba se encuentran las razones para justificar, para alimentar, para continuar engrandeciendo esas relaciones\u201d.<\/p>\n<p>En esta ocasi\u00f3n, fue rubricada una Declaraci\u00f3n, la cual seg\u00fan el mandatario cubano \u201cconsolida una nueva etapa en la relaci\u00f3n bilateral entre M\u00e9xico y Cuba\u201d y en la que se manifiesta el rechazo al bloqueo econ\u00f3mico, comercial y financiero impuesto por el Gobierno de EE.UU. contra Cuba.<\/p>\n<p>En consonancia, L\u00f3pez Obrador se\u00f1al\u00f3 que \u201che dicho con toda franqueza, que luce mal el Gobierno de Estados Unidos utilizando el bloqueo para impedir el bienestar del pueblo de Cuba con el prop\u00f3sito de que este, obligado por la necesidad, tenga que enfrentar a su propio Gobierno\u201d.<\/p>\n<\/div>\n<\/div>\n<\/div>\n","protected":false},"excerpt":{"rendered":"<p>De acuerdo con la Oficina de Presidencia de M\u00e9xico, se reunir\u00e1 en el estado de Campeche con el mandatario\u00a0Andr\u00e9s Manuel L\u00f3pez Obrador. El presidente cubano, Miguel D\u00edaz-Canel, visitar\u00e1 este s\u00e1bado&hellip;<\/p>\n","protected":false},"author":1,"featured_media":11742,"comment_status":"open","ping_status":"closed","sticky":false,"template":"","format":"standard","meta":{"footnotes":""},"categories":[7],"tags":[],"class_list":["post-11740","post","type-post","status-publish","format-standard","has-post-thumbnail","hentry","category-nacional"],"_links":{"self":[{"href":"https:\/\/ldpublicicdad.com\/index.php?rest_route=\/wp\/v2\/posts\/11740","targetHints":{"allow":["GET"]}}],"collection":[{"href":"https:\/\/ldpublicicdad.com\/index.php?rest_route=\/wp\/v2\/posts"}],"about":[{"href":"https:\/\/ldpublicicdad.com\/index.php?rest_route=\/wp\/v2\/types\/post"}],"author":[{"embeddable":true,"href":"https:\/\/ldpublicicdad.com\/index.php?rest_route=\/wp\/v2\/users\/1"}],"replies":[{"embeddable":true,"href":"https:\/\/ldpublicicdad.com\/index.php?rest_route=%2Fwp%2Fv2%2Fcomments&post=11740"}],"version-history":[{"count":1,"href":"https:\/\/ldpublicicdad.com\/index.php?rest_route=\/wp\/v2\/posts\/11740\/revisions"}],"predecessor-version":[{"id":11741,"href":"https:\/\/ldpublicicdad.com\/index.php?rest_route=\/wp\/v2\/posts\/11740\/revisions\/11741"}],"wp:featuredmedia":[{"embeddable":true,"href":"https:\/\/ldpublicicdad.com\/index.php?rest_route=\/wp\/v2\/media\/11742"}],"wp:attachment":[{"href":"https:\/\/ldpublicicdad.com\/index.php?rest_route=%2Fwp%2Fv2%2Fmedia&parent=11740"}],"wp:term":[{"taxonomy":"category","embeddable":true,"href":"https:\/\/ldpublicicdad.com\/index.php?rest_route=%2Fwp%2Fv2%2Fcategories&post=11740"},{"taxonomy":"post_tag","embeddable":true,"href":"https:\/\/ldpublicicdad.com\/index.php?rest_route=%2Fwp%2Fv2%2Ftags&post=11740"}],"curies":[{"name":"wp","href":"https:\/\/api.w.org\/{rel}","templated":true}]}}