{"id":11477,"date":"2023-01-30T15:31:22","date_gmt":"2023-01-30T20:31:22","guid":{"rendered":"https:\/\/ldpublicicdad.com\/?p=11477"},"modified":"2023-01-30T20:31:24","modified_gmt":"2023-01-30T20:31:24","slug":"los-premios-esland-muestran-la-buena-salud-del-mundo-del-streaming-en-espanol-con-una-gran-fiesta-en-mexico","status":"publish","type":"post","link":"https:\/\/ldpublicicdad.com\/?p=11477","title":{"rendered":"Los Premios Esland muestran la buena salud del mundo del \u2018streaming\u2019 en espa\u00f1ol con una gran fiesta en M\u00e9xico"},"content":{"rendered":"<div class=\"a_e_txt _df\">\n<h4 class=\"a_st\" style=\"text-align: center;\">Los galardones, organizados por el \u2018youtuber\u2019 TheGrefg, han reunido a miles de seguidores en el Auditorio de la capital mexicana<\/h4>\n<p>El gran c\u00famulo de gente reunida a las puertas del Auditorio de\u00a0Ciudad de M\u00e9xico\u00a0daba la pista de lo que iba a suceder este domingo en su interior. Sobre una alfombra azul, que recordaba a la roja que protagoniza eventos como los Oscars, desfilaban los creadores de contenido hispanohablantes m\u00e1s influyentes del a\u00f1o, seg\u00fan los 2,5 millones de votos de los usuarios de internet y un jurado compuesto por otros creadores. La segunda edici\u00f3n de los Premios Esland, organizados por el\u00a0<i>youtuber<\/i>\u00a0espa\u00f1ol David C\u00e1novas, m\u00e1s conocido como TheGrefg, han mostrado la consolidaci\u00f3n del fen\u00f3meno del\u00a0<i>stream<\/i>\u00a0hispanohablante \u2014el contenido en directo desarrollado a trav\u00e9s de plataformas como\u00a0Twitch\u00a0o\u00a0Youtube\u2014 en una gala seguida por 10.000 personas en directo y por otros miles en internet.<\/p>\n<p class=\"\">\u201c\u00a1\u00bfQu\u00e9 es esto chicos, que est\u00e1 pasando?!\u201d, eran las primeras palabras que TheGrefg ante un auditorio ante el que no ha quedado una silla libre. Un p\u00fablico entregado durante toda la gala ha recibido las palabras del\u00a0<i>youtuber\u00a0<\/i>con gritos de apoyo. Antes de la entrada al teatro, los creadores que han desfilado sobre la alfombra han observado c\u00f3mo, con apenas un gesto, la marea de gritos llenaba los alrededores del lugar. Los saludos de creadores como el del colombiano Juan Guarnizo, el del espa\u00f1ol\u00a0Ibai Llanos, el mexicano El Mariana (cuyo nombre real es Osvaldo Palacio) o la mexicana Rivers (Samy Rivera) han provocado un clamor notable. El p\u00fablico joven ha rodeado el desfile desde las rejas y o subidos a hombros de otras personas e incluso hab\u00eda quienes sub\u00edan hasta el tercer nivel del centro de eventos capitalino para verlo.<\/p>\n<p class=\"\">Con esta gala, M\u00e9xico ha superado el \u00e9xito que ya tuvo la del a\u00f1o anterior. \u201cUna locura\u201d, \u201cimpresionante\u201d eran las expresiones m\u00e1s repetidas entre aquellos creadores y artistas que desfilaban por la alfombra y que, emocionados, no pod\u00edan dejar de girar la cabeza de izquierda a derecha, casi sin creer la gran movilizaci\u00f3n.Durante la gala han actuado la espa\u00f1ola Lola \u00cdndigo o el puertorrique\u00f1o Jhay Cortez, entre otros, que han llevado el espect\u00e1culo un paso m\u00e1s all\u00e1. \u00cdndigo contaba antes de la entrada al Auditorio que el evento le pill\u00f3 por sorpresa y que no sab\u00eda exactamente de qu\u00e9 se trataba. \u201cCuando he visto toda esta gente he pensado: \u2018\u00bfD\u00f3nde me he metido?\u2019. TheGrefg quer\u00eda un show de puta madre y a eso vamos\u201d, explicaba a este diario. Por su parte, Cortez se hac\u00eda eco de la gran cantidad de j\u00f3venes que se han acercado al lugar. \u201cPara m\u00ed es un placer y un honor formar parte de un evento tan grande como este. Es muy lindo ver a tanta juventud. Me hab\u00edan dicho que ven\u00eda mucha gente, pero no esperaba tanta\u201d, afirmaba antes de entrar al emblem\u00e1tico espacio de Ciudad de M\u00e9xico.<\/p>\n<p class=\"\">Los premios se divid\u00edan en 17 categor\u00edas y los finalistas han sido elegidos por los votos de los usuarios y por parte de los\u00a0<i>streamers<\/i>\u00a0m\u00e1s relevantes del a\u00f1o anterior. Los galardones del evento han ido desde \u201cel mejor\u00a0<i>clip<\/i>\u00a0del a\u00f1o\u201d (entregado al periodista deportivo Gerard Romero), hasta \u201cel mejor\u00a0<i>streamer\u00a0<\/i>del a\u00f1o\u201d (revalidado por Ibai Llanos). Adicionalmente, durante esta segunda gala se ha creado un nuevo galard\u00f3n, el Esland honor\u00edfico a mejor trayectoria, que ha sido otorgado al creador chileno Germ\u00e1n Garmendia (HolaSoyGerm\u00e1n), que inici\u00f3 su carrera en 2006.<\/p>\n<p class=\"\">Las cifras que mueven Twitch reflejan la popularidad de esta plataforma. Seg\u00fan los datos de la propia compa\u00f1\u00eda, 31 millones de usuarios visitan la web a diario; la media de usuarios que circulan \u201cen cualquier momento\u201d en la web asciende a 2,5 millones; y en torno a ocho millones de creadores \u00fanicos hacen contenido cada mes.<\/p>\n<p class=\"\">\u201cEl cine tiene los Oscars, la m\u00fasica tiene los Grammy y la creaci\u00f3n de contenido tiene los Esland\u201d, es la frase que destacaban los organizadores desde meses antes y que trataban de mostrar la relevancia de estas plataformas. \u201cHoy hemos llenado el Auditorio nacional\u201d, se\u00f1alaba enorgullecido The Grefg.<\/p>\n<h3 class=\"a_de_t\">LOS PREMIADOS DE ESLAND<\/h3>\n<div class=\"a_de_txt\">\n<p>Mejor streamer del a\u00f1o: Ibai Llanos<\/p>\n<p>Mejor streamer revelaci\u00f3n: Spreen<\/p>\n<p>Vtuber del a\u00f1o: Zilverk<\/p>\n<p>Streamer IRL del a\u00f1o: Kidi<\/p>\n<p>Mejor miniserie: Squid Games Minecraft<\/p>\n<p>Mejor serie de contenido: El dedsaf\u00edo 2<\/p>\n<p>Evento del a\u00f1o: La velada del a\u00f1o II<\/p>\n<p>Mejor talk show: The Wild Project<\/p>\n<p>Mejor clip: Gerard Romero<\/p>\n<p>Mejor enfado: Luzu<\/p>\n<p>Mejor fail: Manute &#8211; Ah\u00ed va mi burst<\/p>\n<p>Jugador eSports del a\u00f1o: Jelty<\/p>\n<p>Caster del a\u00f1o: Vicky Palami<\/p>\n<p>Mejor cobertura informativa: Gerard Romero<\/p>\n<p>Roleplayer del a\u00f1o: JuanSGuarnizo<\/p>\n<p>Canci\u00f3n del a\u00f1o: Robleis<\/p>\n<p>Baile del a\u00f1o: Carrera<\/p>\n<p>Esland honor\u00edfico a mejor trayectoria: HolaSoyGerm\u00e1n<\/p>\n<\/div>\n<\/div>\n","protected":false},"excerpt":{"rendered":"<p>Los galardones, organizados por el \u2018youtuber\u2019 TheGrefg, han reunido a miles de seguidores en el Auditorio de la capital mexicana El gran c\u00famulo de gente reunida a las puertas del&hellip;<\/p>\n","protected":false},"author":1,"featured_media":11479,"comment_status":"open","ping_status":"closed","sticky":false,"template":"","format":"standard","meta":{"footnotes":""},"categories":[12],"tags":[],"class_list":["post-11477","post","type-post","status-publish","format-standard","has-post-thumbnail","hentry","category-tecnologia"],"_links":{"self":[{"href":"https:\/\/ldpublicicdad.com\/index.php?rest_route=\/wp\/v2\/posts\/11477","targetHints":{"allow":["GET"]}}],"collection":[{"href":"https:\/\/ldpublicicdad.com\/index.php?rest_route=\/wp\/v2\/posts"}],"about":[{"href":"https:\/\/ldpublicicdad.com\/index.php?rest_route=\/wp\/v2\/types\/post"}],"author":[{"embeddable":true,"href":"https:\/\/ldpublicicdad.com\/index.php?rest_route=\/wp\/v2\/users\/1"}],"replies":[{"embeddable":true,"href":"https:\/\/ldpublicicdad.com\/index.php?rest_route=%2Fwp%2Fv2%2Fcomments&post=11477"}],"version-history":[{"count":1,"href":"https:\/\/ldpublicicdad.com\/index.php?rest_route=\/wp\/v2\/posts\/11477\/revisions"}],"predecessor-version":[{"id":11478,"href":"https:\/\/ldpublicicdad.com\/index.php?rest_route=\/wp\/v2\/posts\/11477\/revisions\/11478"}],"wp:featuredmedia":[{"embeddable":true,"href":"https:\/\/ldpublicicdad.com\/index.php?rest_route=\/wp\/v2\/media\/11479"}],"wp:attachment":[{"href":"https:\/\/ldpublicicdad.com\/index.php?rest_route=%2Fwp%2Fv2%2Fmedia&parent=11477"}],"wp:term":[{"taxonomy":"category","embeddable":true,"href":"https:\/\/ldpublicicdad.com\/index.php?rest_route=%2Fwp%2Fv2%2Fcategories&post=11477"},{"taxonomy":"post_tag","embeddable":true,"href":"https:\/\/ldpublicicdad.com\/index.php?rest_route=%2Fwp%2Fv2%2Ftags&post=11477"}],"curies":[{"name":"wp","href":"https:\/\/api.w.org\/{rel}","templated":true}]}}