{"id":11243,"date":"2023-01-22T10:06:38","date_gmt":"2023-01-22T15:06:38","guid":{"rendered":"https:\/\/ldpublicicdad.com\/?p=11243"},"modified":"2023-01-22T15:06:40","modified_gmt":"2023-01-22T15:06:40","slug":"se-supero-la-crisis-gobierno-y-eln-discutiran-cese-al-fuego-bilateral-en-mexico","status":"publish","type":"post","link":"https:\/\/ldpublicicdad.com\/?p=11243","title":{"rendered":"\u00bfSe super\u00f3 la crisis? Gobierno y ELN discutir\u00e1n cese al fuego bilateral en M\u00e9xico"},"content":{"rendered":"<h4 class=\"sc-1kkixbw-0 bTnKpH sc-r9pt86-2 iwHdNr\" style=\"text-align: center;\">Integrantes de las delegaciones del Gobierno y el ELN en la mesa de conversaci\u00f3n instalada en Caracas, Venezuela.<\/h4>\n<section class=\"sc-1od3j49-1 bEHWLV\">Gobierno y ELN calificaron el encuentro extraordinario en Caracas como \u201cexitoso\u201d. El pr\u00f3ximo ciclo ser\u00e1 en M\u00e9xico y las partes acordaron discutir el cese al fuego bilateral que caus\u00f3 discordia.<\/p>\n<\/section>\n<section>\n<div class=\"sc-i99mgx-0 ibkQDS\">\n<div class=\"block-text\">\n<p dir=\"ltr\">Luego de la tensionante situaci\u00f3n que se gener\u00f3 por el anuncio del presidente Gustavo Petro sobre un supuesto cese al fuego con el ELN al empezar este a\u00f1o,\u00a0<strong>la mesa de di\u00e1logos se volvi\u00f3 a reunir en un encuentro extraordinario de cuatro d\u00edas.<\/strong><\/p>\n<\/div>\n<\/div>\n<div class=\"sc-i99mgx-0 ibkQDS\">\n<div class=\"block-text\">\n<p dir=\"ltr\">La reuni\u00f3n en Caracas, que empez\u00f3 el pasado 17 enero, termin\u00f3 hoy s\u00e1bado y en ella se acord\u00f3 discutir en el pr\u00f3ximo ciclo de conversaciones precisamente el tema que caus\u00f3 discordia entre las delegaciones.<\/p>\n<div class=\"sc-i99mgx-0 ibkQDS\">\n<div class=\"block-text\">\n<p dir=\"ltr\">En un comunicado conjunto, las partes manifestaron que\u00a0<strong>la siguiente sesi\u00f3n se llevar\u00e1 a cabo en M\u00e9xico el pr\u00f3ximo 13 de febrero.<\/strong>\u00a0En ese ciclo se abordar\u00e1n temas como la\u00a0<strong>participaci\u00f3n de la sociedad en los di\u00e1logos de paz y un an\u00e1lisis de los logros y dificultades<\/strong>\u00a0de los acuerdos que se pactaron en la primera ronda de negociaciones en Venezuela.<\/p>\n<\/div>\n<\/div>\n<div class=\"sc-i99mgx-0 ibkQDS\">\n<div class=\"block-text\">\n<p dir=\"ltr\">En dicho comunicado, titulado\u00a0<strong>\u201cexitoso balance\u201d<\/strong>, resaltaron la movilizaci\u00f3n de las comunidades, como las que participan en la\u00a0caravana humanitaria\u00a0por el Pac\u00edfico.<\/p>\n<\/div>\n<\/div>\n<div class=\"sc-i99mgx-0 ibkQDS\">\n<div class=\"block-text\">\n<p dir=\"ltr\">El representante especial del secretario general de la ONU en Colombia, Carlos Ruiz Massieu, aplaudi\u00f3 el \u201ccompromiso de las partes con el fortalecimiento y la construcci\u00f3n de paz\u201d.<\/p>\n<div class=\"sc-i99mgx-0 ibkQDS\">\n<div class=\"block-text\">\n<p dir=\"ltr\">Por su parte, el senador Iv\u00e1n Cepeda, uno de los representantes del Gobierno en las negociaciones, dijo que la mesa de conversaci\u00f3n \u201csali\u00f3 fortalecida\u201d tras los cuatro d\u00edas de reuni\u00f3n extraordinaria.<\/p>\n<\/div>\n<\/div>\n<div class=\"sc-i99mgx-0 ibkQDS\">\n<div class=\"block-social\">\n<div><\/div>\n<\/div>\n<\/div>\n<\/div>\n<\/div>\n<\/div>\n<\/div>\n<\/section>\n","protected":false},"excerpt":{"rendered":"<p>Integrantes de las delegaciones del Gobierno y el ELN en la mesa de conversaci\u00f3n instalada en Caracas, Venezuela. Gobierno y ELN calificaron el encuentro extraordinario en Caracas como \u201cexitoso\u201d. El&hellip;<\/p>\n","protected":false},"author":1,"featured_media":11245,"comment_status":"open","ping_status":"closed","sticky":false,"template":"","format":"standard","meta":{"footnotes":""},"categories":[9],"tags":[],"class_list":["post-11243","post","type-post","status-publish","format-standard","has-post-thumbnail","hentry","category-politica"],"_links":{"self":[{"href":"https:\/\/ldpublicicdad.com\/index.php?rest_route=\/wp\/v2\/posts\/11243","targetHints":{"allow":["GET"]}}],"collection":[{"href":"https:\/\/ldpublicicdad.com\/index.php?rest_route=\/wp\/v2\/posts"}],"about":[{"href":"https:\/\/ldpublicicdad.com\/index.php?rest_route=\/wp\/v2\/types\/post"}],"author":[{"embeddable":true,"href":"https:\/\/ldpublicicdad.com\/index.php?rest_route=\/wp\/v2\/users\/1"}],"replies":[{"embeddable":true,"href":"https:\/\/ldpublicicdad.com\/index.php?rest_route=%2Fwp%2Fv2%2Fcomments&post=11243"}],"version-history":[{"count":1,"href":"https:\/\/ldpublicicdad.com\/index.php?rest_route=\/wp\/v2\/posts\/11243\/revisions"}],"predecessor-version":[{"id":11244,"href":"https:\/\/ldpublicicdad.com\/index.php?rest_route=\/wp\/v2\/posts\/11243\/revisions\/11244"}],"wp:featuredmedia":[{"embeddable":true,"href":"https:\/\/ldpublicicdad.com\/index.php?rest_route=\/wp\/v2\/media\/11245"}],"wp:attachment":[{"href":"https:\/\/ldpublicicdad.com\/index.php?rest_route=%2Fwp%2Fv2%2Fmedia&parent=11243"}],"wp:term":[{"taxonomy":"category","embeddable":true,"href":"https:\/\/ldpublicicdad.com\/index.php?rest_route=%2Fwp%2Fv2%2Fcategories&post=11243"},{"taxonomy":"post_tag","embeddable":true,"href":"https:\/\/ldpublicicdad.com\/index.php?rest_route=%2Fwp%2Fv2%2Ftags&post=11243"}],"curies":[{"name":"wp","href":"https:\/\/api.w.org\/{rel}","templated":true}]}}