{"id":11172,"date":"2023-01-19T11:19:02","date_gmt":"2023-01-19T16:19:02","guid":{"rendered":"https:\/\/ldpublicicdad.com\/?p=11172"},"modified":"2023-01-19T16:19:15","modified_gmt":"2023-01-19T16:19:15","slug":"kim-kardashian-compra-collar-de-la-princesa-diana-en-subasta","status":"publish","type":"post","link":"https:\/\/ldpublicicdad.com\/?p=11172","title":{"rendered":"Kim Kardashian compra collar de la princesa Diana en subasta"},"content":{"rendered":"<p>De nueva cuenta, Kim Kardashian ha demostrado el peculiar inter\u00e9s que le generan las prendas de personalidades ic\u00f3nicas, en este caso, un accesorio de la princesa Diana, el cual ha comprado en una subasta.<br \/>\nLa socialit\u00e9 estadounidense adquiri\u00f3 el collar por miles de d\u00f3lares mediante la casa de subastas Sotheby\u2019s, que anunci\u00f3 el collar desde el pasado mes de diciembre.<br \/>\nSe trata del famoso collar de cruz que Diana, mam\u00e1 del pr\u00edncipe William y el pr\u00edncipe Harry, utiliz\u00f3 solamente una vez en 1987 para acudir a una gala ben\u00e9fica en Londres. De acuerdo con el sitio de noticias TMZ, la exesposa de Kanye West pag\u00f3 aproximadamente 197 mil d\u00f3lares por el accesorio, alrededor de 3 millones 710 pesos mexicanos.<br \/>\nEl collar, cuyo modelo se llama &#8216;Attalah Cross&#8217; pertenec\u00eda a a joyer\u00eda Garrard y se trata de una cruz morada de amatistas rodeada de diamantes que forman peque\u00f1as flores a su alrededor.<br \/>\nLady Di ten\u00eda un gran cari\u00f1o por la particular pieza, motivo por el que el due\u00f1o de la joyer\u00eda se la prest\u00f3 para completar su atuendo; un vestido negro acompa\u00f1ado de una t\u00fanica morada.<br \/>\nEn ese tiempo, la princesa Diana de Gales, quien falleci\u00f3 en agosto de 1997, luc\u00eda su pelo rubio corto.<br \/>\nLa adquisi\u00f3n de Kim Kardashian se ha relacionado a cuando utiliz\u00f3 el vestio de Marilyn Monroe en la MET Gala 2022, vestido ic\u00f3nico que, aunque baj\u00f3 m\u00e1s de 5 kilos, tuvo que modificar para poder usar.<br \/>\nUsuarios en redes sociales han reaccionado a la compra de la socialit\u00e9 con cientos de memes y comentarios como: \u00abElla tiene un problema, le quita las cosas a mujeres ic\u00f3nicas\u00bb y \u00abPor favor, que se detenga\u00bb.<\/p>\n","protected":false},"excerpt":{"rendered":"<p>De nueva cuenta, Kim Kardashian ha demostrado el peculiar inter\u00e9s que le generan las prendas de personalidades ic\u00f3nicas, en este caso, un accesorio de la princesa Diana, el cual ha&hellip;<\/p>\n","protected":false},"author":1,"featured_media":11174,"comment_status":"open","ping_status":"closed","sticky":false,"template":"","format":"standard","meta":{"footnotes":""},"categories":[4],"tags":[],"class_list":["post-11172","post","type-post","status-publish","format-standard","has-post-thumbnail","hentry","category-espectaculos"],"_links":{"self":[{"href":"https:\/\/ldpublicicdad.com\/index.php?rest_route=\/wp\/v2\/posts\/11172","targetHints":{"allow":["GET"]}}],"collection":[{"href":"https:\/\/ldpublicicdad.com\/index.php?rest_route=\/wp\/v2\/posts"}],"about":[{"href":"https:\/\/ldpublicicdad.com\/index.php?rest_route=\/wp\/v2\/types\/post"}],"author":[{"embeddable":true,"href":"https:\/\/ldpublicicdad.com\/index.php?rest_route=\/wp\/v2\/users\/1"}],"replies":[{"embeddable":true,"href":"https:\/\/ldpublicicdad.com\/index.php?rest_route=%2Fwp%2Fv2%2Fcomments&post=11172"}],"version-history":[{"count":1,"href":"https:\/\/ldpublicicdad.com\/index.php?rest_route=\/wp\/v2\/posts\/11172\/revisions"}],"predecessor-version":[{"id":11173,"href":"https:\/\/ldpublicicdad.com\/index.php?rest_route=\/wp\/v2\/posts\/11172\/revisions\/11173"}],"wp:featuredmedia":[{"embeddable":true,"href":"https:\/\/ldpublicicdad.com\/index.php?rest_route=\/wp\/v2\/media\/11174"}],"wp:attachment":[{"href":"https:\/\/ldpublicicdad.com\/index.php?rest_route=%2Fwp%2Fv2%2Fmedia&parent=11172"}],"wp:term":[{"taxonomy":"category","embeddable":true,"href":"https:\/\/ldpublicicdad.com\/index.php?rest_route=%2Fwp%2Fv2%2Fcategories&post=11172"},{"taxonomy":"post_tag","embeddable":true,"href":"https:\/\/ldpublicicdad.com\/index.php?rest_route=%2Fwp%2Fv2%2Ftags&post=11172"}],"curies":[{"name":"wp","href":"https:\/\/api.w.org\/{rel}","templated":true}]}}