{"id":11133,"date":"2023-01-18T09:25:55","date_gmt":"2023-01-18T14:25:55","guid":{"rendered":"https:\/\/ldpublicicdad.com\/?p=11133"},"modified":"2023-01-18T14:26:06","modified_gmt":"2023-01-18T14:26:06","slug":"alejandro-zendejas-sera-convocado-por-estados-unidos","status":"publish","type":"post","link":"https:\/\/ldpublicicdad.com\/?p=11133","title":{"rendered":"Alejandro Zendejas ser\u00e1 convocado por Estados Unidos"},"content":{"rendered":"<p>La Selecci\u00f3n de Estados Unidos convocar\u00e1 a Alejandro Zendejas para los partidos amistosos de este mes contra Serbia y Colombia.<br \/>\nSin embargo, el presidente del Am\u00e9rica, Santiago Ba\u00f1os, revel\u00f3 que cuando regrese se reunir\u00e1 con los altos mandos de la FMF y tratar\u00e1n de convencerlo de que juegue con la Selecci\u00f3n Mexicana.<br \/>\n\u00abLleg\u00f3 la convocatoria hace unos minutos. A\u00fan no lo decide. Son partidos amistosos, no cuentan como oficiales. A\u00fan puede elegir entre las dos. Yo quiero que juegue para M\u00e9xico. Si decide irse con los Estados Unidos lo apoyaremos. Es un chico con un futuro importante\u00bb, mencion\u00f3 en el programa La \u00daltima Palabra de Fox Sports.<br \/>\nEl ahora exentrenador del Tri, Gerardo Martino, lo busc\u00f3 hace unos meses, pero al final no lo convoc\u00f3, pues dijo que le puso como condici\u00f3n que lo llevara al Mundial de Qatar 2022.<br \/>\nEl &#8216;Tata&#8217; no trat\u00f3 de convencerlo, ya que al escuchar lo que quer\u00eda el jugador se sinti\u00f3 &#8216;extorsionado&#8217;.<br \/>\n\u00ab\u00c9l pensaba que ten\u00eda una oportunidad en el proceso anterior y que pod\u00eda subirse al barco. Desafortunadamente no fue as\u00ed. No se ha decidido. Quiere ir a la convocatoria y platicar con la gente de all\u00e1. Espero que haga lo mismo con la FMF y que podamos convencerlo\u00bb, finaliz\u00f3 el directivo de las \u00c1guilas.<\/p>\n","protected":false},"excerpt":{"rendered":"<p>La Selecci\u00f3n de Estados Unidos convocar\u00e1 a Alejandro Zendejas para los partidos amistosos de este mes contra Serbia y Colombia. Sin embargo, el presidente del Am\u00e9rica, Santiago Ba\u00f1os, revel\u00f3 que&hellip;<\/p>\n","protected":false},"author":1,"featured_media":11135,"comment_status":"open","ping_status":"closed","sticky":false,"template":"","format":"standard","meta":{"footnotes":""},"categories":[3],"tags":[],"class_list":["post-11133","post","type-post","status-publish","format-standard","has-post-thumbnail","hentry","category-deportes"],"_links":{"self":[{"href":"https:\/\/ldpublicicdad.com\/index.php?rest_route=\/wp\/v2\/posts\/11133","targetHints":{"allow":["GET"]}}],"collection":[{"href":"https:\/\/ldpublicicdad.com\/index.php?rest_route=\/wp\/v2\/posts"}],"about":[{"href":"https:\/\/ldpublicicdad.com\/index.php?rest_route=\/wp\/v2\/types\/post"}],"author":[{"embeddable":true,"href":"https:\/\/ldpublicicdad.com\/index.php?rest_route=\/wp\/v2\/users\/1"}],"replies":[{"embeddable":true,"href":"https:\/\/ldpublicicdad.com\/index.php?rest_route=%2Fwp%2Fv2%2Fcomments&post=11133"}],"version-history":[{"count":1,"href":"https:\/\/ldpublicicdad.com\/index.php?rest_route=\/wp\/v2\/posts\/11133\/revisions"}],"predecessor-version":[{"id":11134,"href":"https:\/\/ldpublicicdad.com\/index.php?rest_route=\/wp\/v2\/posts\/11133\/revisions\/11134"}],"wp:featuredmedia":[{"embeddable":true,"href":"https:\/\/ldpublicicdad.com\/index.php?rest_route=\/wp\/v2\/media\/11135"}],"wp:attachment":[{"href":"https:\/\/ldpublicicdad.com\/index.php?rest_route=%2Fwp%2Fv2%2Fmedia&parent=11133"}],"wp:term":[{"taxonomy":"category","embeddable":true,"href":"https:\/\/ldpublicicdad.com\/index.php?rest_route=%2Fwp%2Fv2%2Fcategories&post=11133"},{"taxonomy":"post_tag","embeddable":true,"href":"https:\/\/ldpublicicdad.com\/index.php?rest_route=%2Fwp%2Fv2%2Ftags&post=11133"}],"curies":[{"name":"wp","href":"https:\/\/api.w.org\/{rel}","templated":true}]}}