{"id":11021,"date":"2023-01-14T12:39:24","date_gmt":"2023-01-14T17:39:24","guid":{"rendered":"https:\/\/ldpublicicdad.com\/?p=11021"},"modified":"2023-01-14T17:39:26","modified_gmt":"2023-01-14T17:39:26","slug":"la-sancion-de-fifa-a-mexico-por-canticos-discriminatorios-en-el-mundial","status":"publish","type":"post","link":"https:\/\/ldpublicicdad.com\/?p=11021","title":{"rendered":"La sanci\u00f3n de FIFA a M\u00e9xico por c\u00e1nticos discriminatorios en el Mundial"},"content":{"rendered":"<div class=\"detail-header-wrapper\">\n<h4 class=\"excerpt\" style=\"text-align: center;\">El organismo le comunic\u00f3 a la federaci\u00f3n azteca que deber\u00e1 jugar un partido a puertas cerradas, adem\u00e1s de una multa econ\u00f3mica, por los gritos homof\u00f3bicos, discriminatorios y racistas de los fan\u00e1ticos.<\/h4>\n<\/div>\n<div class=\"socials-share\">\n<section class=\"detail-body first-paragraph\">\n<section id=\"note-body\" class=\"body-content note-body content-protected-false\" data-twitter-link=\"https:\/\/twitter.com\/intent\/tweet?url=https:\/\/www.minutouno.com\/c5628905&amp;v\u00eda=Ambitocom&amp;related=MinutoUno&amp;text=\"><strong>La FIFA sancion\u00f3 a la Federaci\u00f3n Mexicana de F\u00fatbol (FMF) y deber\u00e1 jugar sin p\u00fablico un partido, debido al grito que los fan\u00e1ticos locales expresaron en los encuentros de su selecci\u00f3n durante el Mundial, considerando dicha acci\u00f3n \u00abcomo un hecho homof\u00f3bico, discriminatorio y racista\u00bb<\/strong>, y adem\u00e1s tendr\u00e1 que abonar una multa econ\u00f3mica.<\/p>\n<\/section>\n<\/section>\n<section class=\"detail-body second-paragraph\">\n<section class=\"body-content note-body content-protected-false\">\u00ab<strong>La Comisi\u00f3n Disciplinaria de la FIFA ha impuesto a la Federaci\u00f3n Mexicana de F\u00fatbol una multa de 100.000 francos suizos (107.000 d\u00f3lares) y la ha sancionado con un partido a puerta cerrada a ra\u00edz de los c\u00e1nticos de la afici\u00f3n mexicana durante los partidos M\u00e9xico\u2013Polonia y Arabia Saudita\u2013M\u00e9xico<\/strong>\u00a0de la Copa Mundial de la FIFA\u00bb, inform\u00f3 el organismo en un comunicado.<\/p>\n<p>Y agreg\u00f3: \u00abEsta sanci\u00f3n se aplicar\u00e1 en el pr\u00f3ximo partido oficial que dispute su selecci\u00f3n masculina absoluta en una competici\u00f3n de la FIFA\u00bb. Dado a que el partido en el que M\u00e9xico jugar\u00e1 como local sin p\u00fablico ser\u00e1 el 25 de marzo ante Jamaica en la Liga de Naciones de la Concacaf.<\/p>\n<p>&nbsp;<\/p>\n<h2>Qu\u00e9 grito motiv\u00f3 la sanci\u00f3n de FIFA a M\u00e9xico<\/h2>\n<p>&nbsp;<\/p>\n<p><strong>El grito que desaprueba la FIFA emitido por la afici\u00f3n mexicana es \u00abehhhhh puto\u00bb, expresados cuando los arqueros de las selecciones rivales despejan el bal\u00f3n\u00a0<\/strong>durante los partidos que juega el \u00abTri\u00bb. M\u00e9xico fue sancionado en varias ocasiones debido al pol\u00e9mico grito, que le cost\u00f3 partidos sin p\u00fablico y multas econ\u00f3micas altas, hasta casi al borde de quedar afuera del Mundial Qatar.<\/p>\n<\/section>\n<\/section>\n<\/div>\n","protected":false},"excerpt":{"rendered":"<p>El organismo le comunic\u00f3 a la federaci\u00f3n azteca que deber\u00e1 jugar un partido a puertas cerradas, adem\u00e1s de una multa econ\u00f3mica, por los gritos homof\u00f3bicos, discriminatorios y racistas de los&hellip;<\/p>\n","protected":false},"author":1,"featured_media":11023,"comment_status":"open","ping_status":"closed","sticky":false,"template":"","format":"standard","meta":{"footnotes":""},"categories":[3],"tags":[],"class_list":["post-11021","post","type-post","status-publish","format-standard","has-post-thumbnail","hentry","category-deportes"],"_links":{"self":[{"href":"https:\/\/ldpublicicdad.com\/index.php?rest_route=\/wp\/v2\/posts\/11021","targetHints":{"allow":["GET"]}}],"collection":[{"href":"https:\/\/ldpublicicdad.com\/index.php?rest_route=\/wp\/v2\/posts"}],"about":[{"href":"https:\/\/ldpublicicdad.com\/index.php?rest_route=\/wp\/v2\/types\/post"}],"author":[{"embeddable":true,"href":"https:\/\/ldpublicicdad.com\/index.php?rest_route=\/wp\/v2\/users\/1"}],"replies":[{"embeddable":true,"href":"https:\/\/ldpublicicdad.com\/index.php?rest_route=%2Fwp%2Fv2%2Fcomments&post=11021"}],"version-history":[{"count":1,"href":"https:\/\/ldpublicicdad.com\/index.php?rest_route=\/wp\/v2\/posts\/11021\/revisions"}],"predecessor-version":[{"id":11022,"href":"https:\/\/ldpublicicdad.com\/index.php?rest_route=\/wp\/v2\/posts\/11021\/revisions\/11022"}],"wp:featuredmedia":[{"embeddable":true,"href":"https:\/\/ldpublicicdad.com\/index.php?rest_route=\/wp\/v2\/media\/11023"}],"wp:attachment":[{"href":"https:\/\/ldpublicicdad.com\/index.php?rest_route=%2Fwp%2Fv2%2Fmedia&parent=11021"}],"wp:term":[{"taxonomy":"category","embeddable":true,"href":"https:\/\/ldpublicicdad.com\/index.php?rest_route=%2Fwp%2Fv2%2Fcategories&post=11021"},{"taxonomy":"post_tag","embeddable":true,"href":"https:\/\/ldpublicicdad.com\/index.php?rest_route=%2Fwp%2Fv2%2Ftags&post=11021"}],"curies":[{"name":"wp","href":"https:\/\/api.w.org\/{rel}","templated":true}]}}