{"id":10925,"date":"2023-01-10T15:28:33","date_gmt":"2023-01-10T20:28:33","guid":{"rendered":"https:\/\/ldpublicicdad.com\/?p=10925"},"modified":"2023-01-10T20:28:35","modified_gmt":"2023-01-10T20:28:35","slug":"biden-y-amlo-abren-con-brusquedad-sus-reuniones-en-mexico","status":"publish","type":"post","link":"https:\/\/ldpublicicdad.com\/?p=10925","title":{"rendered":"Biden y AMLO abren con brusquedad sus reuniones en M\u00e9xico"},"content":{"rendered":"<p>El presidente mexicano Andr\u00e9s Manuel L\u00f3pez Obrador desafi\u00f3 a su par estadounidense Joe Biden a poner fin a una actitud de \u201cabandono\u201d y \u201cdesprecio\u201d por Am\u00e9rica Latina y el Caribe cuando los dos l\u00edderes se reunieron el lunes, lo que dio lugar a una brusca apertura de una cumbre de l\u00edderes norteamericanos.<\/p>\n<p>Los comentarios contrastaron con las muestras p\u00fablicas de afecto entre L\u00f3pez Obrador y Biden poco antes, cuando sonrieron, se abrazaron y se dieron la mano para las c\u00e1maras. Pero una vez que los dos se sentaron en un sal\u00f3n del Palacio Nacional, flanqueados por delegaciones de altos funcionarios, las a\u00f1ejas tensiones no tardaron en salir a la superficie.<\/p>\n<p>L\u00f3pez Obrador desafi\u00f3 a Biden a mejorar la situaci\u00f3n en toda la regi\u00f3n y le dijo que \u201ctiene la llave para abrir y mejorar sustancialmente las relaciones entre todos los pa\u00edses del continente americano\u201d.<\/p>\n<p>\u201cEste es el momento de terminar con ese olvido, ese abandono, ese desd\u00e9n hacia Am\u00e9rica Latina y el Caribe\u201d, agreg\u00f3.<\/p>\n<p>Biden respondi\u00f3 defendiendo las erogaciones de miles de millones de d\u00f3lares de Estados Unidos en ayuda en todo el mundo en los \u00faltimos 15 a\u00f1os, y dijo que \u201clamentablemente, nuestra responsabilidad no termina en el hemisferio occidental\u201d. El gobernante tambi\u00e9n se refiri\u00f3 a los 100.000 estadounidenses que han muerto por la \u201cplaga del fentanilo\u201d, una droga que ingresa por la frontera de M\u00e9xico, y habl\u00f3 de las acciones conjuntas que deben tomar para enfrentar el narcotr\u00e1fico.<\/p>\n<p>Si bien ambos gobernantes se comprometieron a trabajar juntos, fue un intercambio notablemente brusco que se dio ante los periodistas, quienes tras el tenso momento fueron sacados del sal\u00f3n. Biden y L\u00f3pez Obrador se reunieron en privado durante una hora antes de cenar con el primer ministro canadiense Justin Trudeau y sus esposas.<\/p>\n<p>Tras la reuni\u00f3n bilateral, el canciller mexicano Marcelo Ebrard dijo en su cuenta de Twitter que la conversaci\u00f3n fue \u201cespl\u00e9ndida\u201d, y que fue \u201cla m\u00e1s productiva y cordial\u201d entre los mandatarios.<\/p>\n<p>La mayor parte del trabajo de la cumbre se manejar\u00e1 el martes, cuando los tres l\u00edderes sostendr\u00e1n conversaciones nuevamente.<\/p>\n<p>La reuni\u00f3n se lleva a cabo de forma anual, aunque hubo una interrupci\u00f3n mientras Donald Trump era presidente de Estados Unidos. A menudo se la llama la \u201ccumbre de los tres amigos\u201d, una referencia a los profundos lazos diplom\u00e1ticos y econ\u00f3micos entre los tres pa\u00edses norteamericanos, pero han surgido nuevas tensiones.<\/p>\n<p>Las tres naciones se esfuerzan por gestionar lo mejor posible el movimiento de personas hacia Norteam\u00e9rica y por acabar con el contrabando de personas, que genera grandes ganancias al ser persuadidos los migrantes de realizar el peligroso viaje a Estados Unidos.<\/p>\n<p>Adem\u00e1s, Ottawa y Washington acusan a L\u00f3pez Obrador de violar un acuerdo de libre comercio al favorecer en materia energ\u00e9tica a la Comisi\u00f3n Federal de Electricidad mexicana frente a las centrales el\u00e9ctricas construidas por inversores extranjeros y privados del pa\u00eds. Por su parte, a Trudeau y a L\u00f3pez Obrador les preocupan los intentos de Biden de impulsar la producci\u00f3n nacional, lo que genera inquietud por la posibilidad de que los dos vecinos de Estados Unidos se queden atr\u00e1s.<\/p>\n<p>La relaci\u00f3n entre Biden y L\u00f3pez Obrador no ha sido especialmente buena en los \u00faltimos dos a\u00f1os. El mandatario mexicano no oculta su admiraci\u00f3n por Trump y el a\u00f1o pasado no acudi\u00f3 a una cumbre en Los \u00c1ngeles en protesta porque Biden no invit\u00f3 a los gobernantes de Cuba, Venezuela y Nicaragua.<\/p>\n<p>A pesar de ello ha habido intentos de descongelar la relaci\u00f3n. En un gesto de atenci\u00f3n a L\u00f3pez Obrador, Biden arrib\u00f3 al nuevo aeropuerto internacional Felipe \u00c1ngeles, un proyecto muy apreciado por el presidente mexicano pese a ser controversial.<\/p>\n<p>El aeropuerto, que se prev\u00e9 tenga un costo de 4.100 millones de d\u00f3lares cuando est\u00e9 terminado, est\u00e1 a m\u00e1s de una hora en auto para llegar al centro de la ciudad, tiene pocos vuelos y hasta hace poco carec\u00eda de agua potable. Sin embargo, es uno de los proyectos claves que L\u00f3pez Obrador se apresura a concluir antes de que termine su mandato el a\u00f1o que viene, junto con la refiner\u00eda de Dos Bocas, el Tren Maya en la pen\u00ednsula de Yucat\u00e1n y un ferrocarril que una puertos en el Istmo de Tehuantepec, entre el Golfo de M\u00e9xico y el Oc\u00e9ano Pac\u00edfico.<\/p>\n<p>El tono de la tarde contrast\u00f3 con la cordialidad mantenida durante la ma\u00f1ana. Principalmente hubo coincidencias en materia migratoria.<\/p>\n<p>Biden, el primer jefe de la Casa Blanca que visita M\u00e9xico en casi una d\u00e9cada, aterriz\u00f3 en la capital el domingo por la noche y fue recibido por su par mexicano. Luego se subieron a la limusina blindada de Biden, conocida como la \u201cBestia\u201d, para cruzar la Ciudad de M\u00e9xico hasta al lugar donde pernoctar\u00eda el mandatario estadounidense. Esa conversaci\u00f3n fue el primer contacto privado y directo de los mandatarios, dos pol\u00edticos que tienen distintas visiones y prioridades.<\/p>\n<p>\u201cHablamos en muy buenos t\u00e9rminos\u201d, dijo L\u00f3pez Obrador en su conferencia matutina del lunes. \u201cPlaticamos sobre temas que vamos a tratar en la reuni\u00f3n de hoy\u201d.<\/p>\n<p>Adem\u00e1s de migraci\u00f3n, el mandatario mexicano dijo que dialogaron sobre el desarrollo y la integraci\u00f3n no s\u00f3lo de Am\u00e9rica del Norte sino de todo el continente, tanto en lo econ\u00f3mico como en lo social.<\/p>\n<p>\u201cQue se logre la uni\u00f3n entre todos los pa\u00edses del continente americano, que podamos complementarnos, porque es el continente con m\u00e1s potencial, con m\u00e1s recursos\u201d, afirm\u00f3.<\/p>\n<p>L\u00f3pez Obrador dijo que no se habl\u00f3 de la reciente detenci\u00f3n de Ovidio Guzm\u00e1n, uno de los hijos del encarcelado narcotraficante Joaqu\u00edn \u201cEl Chapo\u201d Guzm\u00e1n, exl\u00edder del C\u00e1rtel de Sinaloa, aunque diversos analistas consideraron que su captura fue un regalo previo a la visita, lo que el mandatario mexicano consider\u00f3 una \u201cfalta de respeto\u201d hacia quienes llevaron a cabo la acci\u00f3n y los 10 militares que perdieron la vida.<\/p>\n<p>Antes de viajar a la capital mexicana, Biden anunci\u00f3 un importante cambio en la pol\u00edtica fronteriza, y el s\u00e1bado pas\u00f3 cuatro horas en El Paso, Texas, su primer viaje a la frontera desde que es presidente.<\/p>\n<p>Seg\u00fan el acuerdo anunciado el fin de semana, que cont\u00f3 con el benepl\u00e1cito del gobierno mexicano, M\u00e9xico acept\u00f3 recibir cada mes a 30.000 cubanos, nicarag\u00fcenses, venezolanos y haitianos devueltos desde Estados Unidos, y a cambio Washington ofrecer\u00e1 cada mes visas temporales de trabajo al mismo n\u00famero de personas de esas cuatro nacionalidades si cumplen con ciertos requisitos, incluido el llegar en avi\u00f3n.<\/p>\n<p>\u201cApoyamos todas estas medidas de dar opciones, dar alternativas\u201d, agreg\u00f3 L\u00f3pez Obrador. \u201cSi esto se consolida, va a generar una esperanza en la gente que quiere salir\u201d de sus pa\u00edses. En su opini\u00f3n, podr\u00eda ser \u201cun inicio\u201d para tener una migraci\u00f3n m\u00e1s ordenada y por eso consider\u00f3 viable su eventual ampliaci\u00f3n.<\/p>\n<p>Jake Sullivan, asesor de Seguridad Nacional de Biden, dijo a los periodistas que las conversaciones continuaban y fue cauto con el tema de la migraci\u00f3n, muy controvertido en la pol\u00edtica interna estadounidense y que grupos defensores de los derechos humanos consideran que recuerda la l\u00ednea dura del expresidente Donald Trump.<\/p>\n<p>\u201cLo que necesitamos es ver c\u00f3mo funciona en la pr\u00e1ctica el programa anunciado la semana pasada, qu\u00e9 ajustes hay que hacer a ese programa \u2014si es que hay que hacer alguno\u2014, y entonces podremos hablar de dar los siguientes pasos\u201d, indic\u00f3 Sullivan.<\/p>\n<p>El env\u00edo de m\u00e1s migrantes a M\u00e9xico podr\u00eda ayudar a resolver el problema que tiene Estados Unidos para deportar a personas a ciertos pa\u00edses con los que carece de relaciones o son tensas.<\/p>\n<p>Pero un funcionario estadounidense que forma parte de la delegaci\u00f3n de la cumbre, y que pidi\u00f3 guardar el anonimato para poder hablar de negociaciones en marcha, dijo a la AP que los tres pa\u00edses est\u00e1n explorando distintas v\u00edas para abordar la cuesti\u00f3n migratoria, y una de las \u00e1reas en las que podr\u00eda haber anuncios es la de la cooperaci\u00f3n bilateral.<\/p>\n","protected":false},"excerpt":{"rendered":"<p>El presidente mexicano Andr\u00e9s Manuel L\u00f3pez Obrador desafi\u00f3 a su par estadounidense Joe Biden a poner fin a una actitud de \u201cabandono\u201d y \u201cdesprecio\u201d por Am\u00e9rica Latina y el Caribe&hellip;<\/p>\n","protected":false},"author":1,"featured_media":10927,"comment_status":"open","ping_status":"closed","sticky":false,"template":"","format":"standard","meta":{"footnotes":""},"categories":[9],"tags":[],"class_list":["post-10925","post","type-post","status-publish","format-standard","has-post-thumbnail","hentry","category-politica"],"_links":{"self":[{"href":"https:\/\/ldpublicicdad.com\/index.php?rest_route=\/wp\/v2\/posts\/10925","targetHints":{"allow":["GET"]}}],"collection":[{"href":"https:\/\/ldpublicicdad.com\/index.php?rest_route=\/wp\/v2\/posts"}],"about":[{"href":"https:\/\/ldpublicicdad.com\/index.php?rest_route=\/wp\/v2\/types\/post"}],"author":[{"embeddable":true,"href":"https:\/\/ldpublicicdad.com\/index.php?rest_route=\/wp\/v2\/users\/1"}],"replies":[{"embeddable":true,"href":"https:\/\/ldpublicicdad.com\/index.php?rest_route=%2Fwp%2Fv2%2Fcomments&post=10925"}],"version-history":[{"count":1,"href":"https:\/\/ldpublicicdad.com\/index.php?rest_route=\/wp\/v2\/posts\/10925\/revisions"}],"predecessor-version":[{"id":10926,"href":"https:\/\/ldpublicicdad.com\/index.php?rest_route=\/wp\/v2\/posts\/10925\/revisions\/10926"}],"wp:featuredmedia":[{"embeddable":true,"href":"https:\/\/ldpublicicdad.com\/index.php?rest_route=\/wp\/v2\/media\/10927"}],"wp:attachment":[{"href":"https:\/\/ldpublicicdad.com\/index.php?rest_route=%2Fwp%2Fv2%2Fmedia&parent=10925"}],"wp:term":[{"taxonomy":"category","embeddable":true,"href":"https:\/\/ldpublicicdad.com\/index.php?rest_route=%2Fwp%2Fv2%2Fcategories&post=10925"},{"taxonomy":"post_tag","embeddable":true,"href":"https:\/\/ldpublicicdad.com\/index.php?rest_route=%2Fwp%2Fv2%2Ftags&post=10925"}],"curies":[{"name":"wp","href":"https:\/\/api.w.org\/{rel}","templated":true}]}}