{"id":10489,"date":"2022-12-23T15:44:14","date_gmt":"2022-12-23T20:44:14","guid":{"rendered":"https:\/\/ldpublicicdad.com\/?p=10489"},"modified":"2022-12-23T20:44:16","modified_gmt":"2022-12-23T20:44:16","slug":"mexico-reconocio-que-lilia-paredes-es-investigada-en-peru-pero-la-mantendra-en-asilo","status":"publish","type":"post","link":"https:\/\/ldpublicicdad.com\/?p=10489","title":{"rendered":"M\u00e9xico reconoci\u00f3 que Lilia Paredes es investigada en Per\u00fa, pero la mantendr\u00e1 en asilo"},"content":{"rendered":"<h4 class=\"article-subheadline\" style=\"text-align: center;\">El embajador Pablo Monroy justific\u00f3 que las expresiones y acciones emprendidas por M\u00e9xico obedecieron a un inter\u00e9s leg\u00edtimo<\/h4>\n<div class=\"byline\">\n<div class=\"byline-text-wrapper\">\n<p class=\"paragraph\"><b>Pablo Monroy, embajador de M\u00e9xico en Per\u00fa<\/b>, reconoci\u00f3 que el mismo d\u00eda que\u00a0<b>Lilia Paredes<\/b>\u00a0y su familia fue trasladada a M\u00e9xico desde Lima, recibi\u00f3 una copia del expediente judicial que se abri\u00f3 contra la esposa del ex presidente\u00a0<b>Pedro Castillo<\/b>, pero que a\u00fan est\u00e1 por analizarlo la\u00a0<b>Secretar\u00eda de Relaciones Exteriores (SRE)<\/b>, y en su caso turnarlo a las autoridades correspondientes.<\/p>\n<p><a id=\"recommended-card-0\" class=\"recommended-card recommended-card--infobae\" href=\"https:\/\/www.infobae.com\/america\/mexico\/2022\/12\/23\/amlo-lo-mas-relevante-de-la-conferencia-mananera-de-este-viernes-23-de-diciembre\/\" target=\"_blank\" rel=\"noopener noreferrer\" aria-label=\"De la llegada de Pablo Monroy al presunto plagio de la ministra Esquivel, el resumen de la ma\u00f1anera\"><\/a><\/p>\n<p class=\"paragraph\">Monroy justific\u00f3 que la las acusaciones de actos de corrupci\u00f3n contra\u00a0<b>Lilia Paredes<\/b>\u00a0se encuentran en la fase investigaci\u00f3n y hasta el momento ninguna autoridad peruana ha emitido alguna consignaci\u00f3n en contra de la primera dama de ese pa\u00eds.<\/p>\n<p class=\"paragraph\">Por su parte, el presidente<b>\u00a0Andr\u00e9s Manuel L\u00f3pez Obrador\u00a0<\/b>sostuvo que M\u00e9xico mantendr\u00e1 su pol\u00edtica de asilo y en caso de que el gobierno de Per\u00fa solicte la extradici\u00f3n de Lilia Paredes, corresponder\u00e1 al lado mexicano determinar la naturaleza d elso delitos imputados.<\/p>\n<p class=\"paragraph\">El embajador mexicano se present\u00f3 en la ma\u00f1anera del presidente Andr\u00e9s Manuel L\u00f3pez Obrador, en Villahermosa, Tabasco, donde destac\u00f3 que el gobierno mexicano pudo resguardar a la familia de Pedro Castillo luego que el ex mandatario peruano intent\u00f3 disolver al Congreso.<\/p>\n<div class=\"rawHTML raw_html\">\n<p class=\"paragraph\">Insisti\u00f3 que el gobierno del presidente L\u00f3pez Obrador no tuvo injerencia en la pol\u00edtica interna del pa\u00eds sudamericano, y justific\u00f3 que las expresiones y acciones emprendidas obedecieron a un inter\u00e9s leg\u00edtimo.<\/p>\n<p><a id=\"recommended-card-2\" class=\"recommended-card recommended-card--infobae recommended-card--seconds\" href=\"https:\/\/www.infobae.com\/america\/mexico\/2022\/12\/21\/sre-ordeno-al-embajador-pablo-monroy-regresar-a-mexico-para-resguardar-su-seguridad-e-integridad-fisica\/\" target=\"_blank\" rel=\"noopener noreferrer\" aria-label=\"SRE orden\u00f3 al embajador Pablo Monroy regresar a M\u00e9xico para resguardar su seguridad e integridad f\u00edsica\"><\/a><\/p>\n<p class=\"paragraph\">El embajador, quien fue declarado persona \u201cnon grata\u201d por el gobierno peruano, expres\u00f3 las dudas del gobierno de M\u00e9xico en la destituci\u00f3n de Pedro Castillo, pues sugiri\u00f3 que el Congreso de aqu\u00e9l pa\u00eds no sigui\u00f3 de forma adecuada el procedimiento legal.<\/p>\n<p class=\"paragraph\">\u201cHa habido algunos procesos en los cuales ciertos actos en el Congreso de la Rep\u00fablica (de Per\u00fa) donde podr\u00eda haber dudas sobre si se siguieron los procedimientos que marcan las leyes\u201d, manifest\u00f3.<\/p>\n<p class=\"paragraph\">Monroy recponoci\u00f3 que Pedro Castillo fue detenido antes de que M\u00e9xico lograra resguardarl en la embajada, sin embargo, confi\u00f3 en que se respeten los derechos humanos internacionales. El gobierno mexicano apostar\u00e1 al di\u00e1logo con Per\u00fa porque \u201clo que no queremos es que haya violaciones a los derechos humanos\u201d.<\/p>\n<p class=\"paragraph\">\u201cLos retos que ha tenido que enfrentar la embajada en Per\u00fa no han sido f\u00e1ciles, pero creo que conforme las instrucciones (&#8230;) hemos podido cumplir los objetivos principales\u201d, sostuv\u00f3 el diplom\u00e1tico expulsado de Sudam\u00e9rica.<\/p>\n<p class=\"paragraph\">Monroy asegur\u00f3 que se logr\u00f3 el primer objetivo, el cual fue velar por la seguridad de mexicanos en Per\u00fa a ra\u00edz de los acontecimientos pol\u00edticos del 7 de diciembre, y detall\u00f3 que alrededor de 500 mexicanos, cuya mayor\u00eda se encontraba en la zona de cusco, lograron ser atendidos por personal de la embajada.<\/p>\n<p class=\"paragraph\">El presidente L\u00f3pez Obrador reconoci\u00f3 la labor del embajador mexicano en Per\u00fa y reproch\u00f3 la declaraci\u00f3n de non grata a Pablo Monroy en cumplimiento de sus labores.<\/p>\n<p class=\"paragraph\">Para L\u00f3pez Obrador, es motivo de orgullo otorgar el asilo pol\u00edtico al ex presidente peruano y a su familia, luego que Pedro Castillo intent\u00f3 dar un golpe de Estado el pasado 7 de diciembre y gobernar a base de decretos presidenciales.<\/p>\n<p class=\"paragraph\">\u201c<b>Es un timbre de orgullo que declaren a nuestro embajador<\/b><b>\u00a0persona non grata<\/b>\u00a0por estar cumpliendo la misi\u00f3n de salvar vidas y hacer vale lo mejor de nuestra pol\u00edtica exterior que es el derecho de asilo\u201d.<\/p>\n<p class=\"paragraph\">Horas despu\u00e9s de que\u00a0<b>Pedro Castillo<\/b>\u00a0fuera detenido por intentar un autogolpe de Estado en Per\u00fa, la exprimera dama\u00a0<b>Lilia Paredes<\/b>\u00a0y sus dos hijos llegaron a la embajada de M\u00e9xico en Lima, donde permanecieron durante 12 d\u00edas, hasta que el presidente\u00a0<b>Andr\u00e9s Manuel L\u00f3pez Obrador<\/b>\u00a0les concedi\u00f3 asilo pol\u00edtico y ejecut\u00f3 su salida de territorio sudamericano la madrugada del martes.<\/p>\n<\/div>\n<\/div>\n<\/div>\n","protected":false},"excerpt":{"rendered":"<p>El embajador Pablo Monroy justific\u00f3 que las expresiones y acciones emprendidas por M\u00e9xico obedecieron a un inter\u00e9s leg\u00edtimo Pablo Monroy, embajador de M\u00e9xico en Per\u00fa, reconoci\u00f3 que el mismo d\u00eda&hellip;<\/p>\n","protected":false},"author":1,"featured_media":10491,"comment_status":"open","ping_status":"closed","sticky":false,"template":"","format":"standard","meta":{"footnotes":""},"categories":[9],"tags":[],"class_list":["post-10489","post","type-post","status-publish","format-standard","has-post-thumbnail","hentry","category-politica"],"_links":{"self":[{"href":"https:\/\/ldpublicicdad.com\/index.php?rest_route=\/wp\/v2\/posts\/10489","targetHints":{"allow":["GET"]}}],"collection":[{"href":"https:\/\/ldpublicicdad.com\/index.php?rest_route=\/wp\/v2\/posts"}],"about":[{"href":"https:\/\/ldpublicicdad.com\/index.php?rest_route=\/wp\/v2\/types\/post"}],"author":[{"embeddable":true,"href":"https:\/\/ldpublicicdad.com\/index.php?rest_route=\/wp\/v2\/users\/1"}],"replies":[{"embeddable":true,"href":"https:\/\/ldpublicicdad.com\/index.php?rest_route=%2Fwp%2Fv2%2Fcomments&post=10489"}],"version-history":[{"count":1,"href":"https:\/\/ldpublicicdad.com\/index.php?rest_route=\/wp\/v2\/posts\/10489\/revisions"}],"predecessor-version":[{"id":10490,"href":"https:\/\/ldpublicicdad.com\/index.php?rest_route=\/wp\/v2\/posts\/10489\/revisions\/10490"}],"wp:featuredmedia":[{"embeddable":true,"href":"https:\/\/ldpublicicdad.com\/index.php?rest_route=\/wp\/v2\/media\/10491"}],"wp:attachment":[{"href":"https:\/\/ldpublicicdad.com\/index.php?rest_route=%2Fwp%2Fv2%2Fmedia&parent=10489"}],"wp:term":[{"taxonomy":"category","embeddable":true,"href":"https:\/\/ldpublicicdad.com\/index.php?rest_route=%2Fwp%2Fv2%2Fcategories&post=10489"},{"taxonomy":"post_tag","embeddable":true,"href":"https:\/\/ldpublicicdad.com\/index.php?rest_route=%2Fwp%2Fv2%2Ftags&post=10489"}],"curies":[{"name":"wp","href":"https:\/\/api.w.org\/{rel}","templated":true}]}}