{"id":1045,"date":"2020-08-15T19:44:45","date_gmt":"2020-08-15T19:44:45","guid":{"rendered":"http:\/\/alertarojaquintanaroo.com\/?p=1045"},"modified":"2020-08-15T19:44:45","modified_gmt":"2020-08-15T19:44:45","slug":"en-un-cateo-la-fge-detiene-a-varias-personas-implicadas-en-arrojar-una-cabeza-humana-en-un-bar","status":"publish","type":"post","link":"https:\/\/ldpublicicdad.com\/?p=1045","title":{"rendered":"En un cateo la FGE detiene a varias personas implicadas en arrojar una cabeza humana en un bar"},"content":{"rendered":"\n<p>En Canc\u00fan, tras un operativo por Agentes de la Fiscal\u00eda General del Estado (FGE) se detuvieron a varias personas relacionadas con el caso del cuerpo decapitado del cual arrojaron la cabeza en un bar el pasado martes 11 de agosto.<\/p>\n\n\n\n<p>Despu\u00e9s de un cateo en un domicilio ubicado en la Regi\u00f3n 105 se logr\u00f3 asegurar a varias personas implicadas en el aterrador homicidio.<\/p>\n\n\n\n<p>El domicilio, ubicado en la calle Ki-Huic, en el fraccionamiento Tierra Maya, era usado como un \u201ccasa de seguridad\u201d, en el interior de la casa habitaci\u00f3n de dos pisos solo se encontraron hamacas y sillones en mal estado, al revisar el ba\u00f1o los oficiales encontraron un charco de sangre.<\/p>\n\n\n\n<p>Peritos especializados tomaron muestras para determinar si la sangre corresponde al ahora occiso.<\/p>\n\n\n\n<p>Presuntamente estos j\u00f3venes detenidos est\u00e1n vinculados con el homicidio de un hombre, del cual su cuerpo fue dejado detr\u00e1s del encierro de Turicun en la Region 104 y la cabeza fue arrojada a las afuera de un bar en la Supermanzana 70.<\/p>\n\n\n\n<p>Arrojan cabeza humana a la puerta de un bar en Canc\u00fan<br>Alrededor de las 11:30 horas del lunes, a trav\u00e9s del n\u00famero de emergencias 911 se solicit\u00f3 el apoyo de las fuerzas policiales debido a que vecinos de la supermanzana 70 se percataron de que afuera del establecimiento se encontraron tirada una bolsa y una cartulina, la cual se ve\u00eda sospechosa.<\/p>\n\n\n\n<p>De inmediato, efectivos policiacos llegaron al lugar y se percataron de que efectivamente en el interior de la bolsa negra, hab\u00eda una cabeza humana de un hombre y asimismo un mensaje amenazante en contra del personal del bar.<\/p>\n\n\n\n<p>Ante esta situaci\u00f3n, se procedi\u00f3 al aseguramiento del lugar, se solicit\u00f3 el apoyo de los peritos de la Fiscal\u00eda General del Estado, mismos as\u00ed arribaron m\u00e1s tarde y realizaron las diligencias correspondientes.<\/p>\n","protected":false},"excerpt":{"rendered":"<p>En Canc\u00fan, tras un operativo por Agentes de la Fiscal\u00eda General del Estado (FGE) se detuvieron a varias personas relacionadas con el caso del cuerpo decapitado del cual arrojaron la&hellip;<\/p>\n","protected":false},"author":1,"featured_media":1046,"comment_status":"open","ping_status":"closed","sticky":false,"template":"","format":"standard","meta":{"footnotes":""},"categories":[8],"tags":[],"class_list":["post-1045","post","type-post","status-publish","format-standard","has-post-thumbnail","hentry","category-policia"],"_links":{"self":[{"href":"https:\/\/ldpublicicdad.com\/index.php?rest_route=\/wp\/v2\/posts\/1045","targetHints":{"allow":["GET"]}}],"collection":[{"href":"https:\/\/ldpublicicdad.com\/index.php?rest_route=\/wp\/v2\/posts"}],"about":[{"href":"https:\/\/ldpublicicdad.com\/index.php?rest_route=\/wp\/v2\/types\/post"}],"author":[{"embeddable":true,"href":"https:\/\/ldpublicicdad.com\/index.php?rest_route=\/wp\/v2\/users\/1"}],"replies":[{"embeddable":true,"href":"https:\/\/ldpublicicdad.com\/index.php?rest_route=%2Fwp%2Fv2%2Fcomments&post=1045"}],"version-history":[{"count":0,"href":"https:\/\/ldpublicicdad.com\/index.php?rest_route=\/wp\/v2\/posts\/1045\/revisions"}],"wp:featuredmedia":[{"embeddable":true,"href":"https:\/\/ldpublicicdad.com\/index.php?rest_route=\/wp\/v2\/media\/1046"}],"wp:attachment":[{"href":"https:\/\/ldpublicicdad.com\/index.php?rest_route=%2Fwp%2Fv2%2Fmedia&parent=1045"}],"wp:term":[{"taxonomy":"category","embeddable":true,"href":"https:\/\/ldpublicicdad.com\/index.php?rest_route=%2Fwp%2Fv2%2Fcategories&post=1045"},{"taxonomy":"post_tag","embeddable":true,"href":"https:\/\/ldpublicicdad.com\/index.php?rest_route=%2Fwp%2Fv2%2Ftags&post=1045"}],"curies":[{"name":"wp","href":"https:\/\/api.w.org\/{rel}","templated":true}]}}