{"id":1036,"date":"2020-08-15T19:31:35","date_gmt":"2020-08-15T19:31:35","guid":{"rendered":"http:\/\/alertarojaquintanaroo.com\/?p=1036"},"modified":"2020-08-15T19:31:35","modified_gmt":"2020-08-15T19:31:35","slug":"los-chapitos-ordenaron-la-ejecucion-de-julio-cesar-carrillo-hijo-del-senor-de-los-cielos","status":"publish","type":"post","link":"https:\/\/ldpublicicdad.com\/?p=1036","title":{"rendered":"Los Chapitos ordenaron la ejecuci\u00f3n de Julio C\u00e9sar Carrillo hijo del Se\u00f1or de los Cielos"},"content":{"rendered":"\n<p>Julio C\u00e9sar Carrillo Leyva alias el Cesar\u00edn, hijo del legendario narcotraficante Amado Carrillo Fuentes, alias el Se\u00f1or de los Cielos, quien alguna vez fuera l\u00edder del C\u00e1rtel del Ju\u00e1rez (CDJ).<\/p>\n\n\n\n<p>Habr\u00eda sido asesinado por \u00f3rdenes de los Chapitos, hijos de Joaqu\u00edn \u201cel Chapo\u201d Guzm\u00e1n, seg\u00fan versiones que se manejan en medios especializados del bajo mundo de las drogas.&nbsp; Aunque las autoridades no han confirmado la identidad de la v\u00edctima&nbsp;asesinada&nbsp;en la colonia Calder\u00f3n de la cabecera municipal de la ciudad de Navolato Navolato.<\/p>\n\n\n\n<blockquote class=\"wp-block-quote is-layout-flow wp-block-quote-is-layout-flow\"><p><strong>En el estado de Sinaloa en M\u00e9xico comienzan a surgir versiones de que su ejecuci\u00f3n habr\u00eda sido por una orden de Iv\u00e1n Archivaldo Guzm\u00e1n Salazar alias el Chapito, Jes\u00fas Alfredo Guzm\u00e1n Salazar alias el Alfredillo y Ovidio Guzm\u00e1n L\u00f3pez alias el Rat\u00f3n o Nuevo Rat\u00f3n.&nbsp; Adem\u00e1s, junto a dichas versiones tambi\u00e9n hay fotos de la v\u00edctima de c\u00f3mo qued\u00f3 tras el ataque armado ocurrido dentro de su propia casa.<\/strong><\/p><\/blockquote>\n\n\n\n<p>Julio C\u00e9sar Carrillo Leyva, alias el Cesar\u00edn, era el hijo menor de Amado Carrillo Fuentes, alias el Se\u00f1or de los Cielos y hermano de Vicente Carrillo Leyva, adem\u00e1s se presume que pertenec\u00eda al C\u00e1rtel de La L\u00ednea brazo armado del C\u00e1rtel de Ju\u00e1rez, grupo criminal que alguna vez su padre encabez\u00f3 pero debido a que manejaba un perfil bajo,&nbsp; se desconoce qu\u00e9 rango ten\u00eda dentro de la organizaci\u00f3n criminal.<\/p>\n\n\n\n<blockquote class=\"wp-block-quote is-layout-flow wp-block-quote-is-layout-flow\"><p><strong>A decir de medios locales,&nbsp;el Cesar\u00edn&nbsp;hab\u00eda sido detenido en febrero de 2018 en las dunas de Altata, cuando se encontraba aparentemente en&nbsp;compa\u00f1\u00eda&nbsp;de una mujer. En esa ocasi\u00f3n portaba una&nbsp;credencial&nbsp;falsa&nbsp;y las autoridades lo liberaron al no encontrarle cargos en su contra.<\/strong><\/p><\/blockquote>\n\n\n\n<p>Recordemos que&nbsp;Amado Carrillo, el&nbsp;Se\u00f1or de Los Cielos, muri\u00f3 el 4 de julio de&nbsp;1997&nbsp;de manera misteriosa durante una operaci\u00f3n donde buscaba cambiar su rostro para no se reconocido al ser uno de los hombres m\u00e1s buscados por las autoridades mexicanas y estadounidenses.<\/p>\n","protected":false},"excerpt":{"rendered":"<p>Julio C\u00e9sar Carrillo Leyva alias el Cesar\u00edn, hijo del legendario narcotraficante Amado Carrillo Fuentes, alias el Se\u00f1or de los Cielos, quien alguna vez fuera l\u00edder del C\u00e1rtel del Ju\u00e1rez (CDJ).&hellip;<\/p>\n","protected":false},"author":1,"featured_media":1037,"comment_status":"open","ping_status":"closed","sticky":false,"template":"","format":"standard","meta":{"footnotes":""},"categories":[8],"tags":[],"class_list":["post-1036","post","type-post","status-publish","format-standard","has-post-thumbnail","hentry","category-policia"],"_links":{"self":[{"href":"https:\/\/ldpublicicdad.com\/index.php?rest_route=\/wp\/v2\/posts\/1036","targetHints":{"allow":["GET"]}}],"collection":[{"href":"https:\/\/ldpublicicdad.com\/index.php?rest_route=\/wp\/v2\/posts"}],"about":[{"href":"https:\/\/ldpublicicdad.com\/index.php?rest_route=\/wp\/v2\/types\/post"}],"author":[{"embeddable":true,"href":"https:\/\/ldpublicicdad.com\/index.php?rest_route=\/wp\/v2\/users\/1"}],"replies":[{"embeddable":true,"href":"https:\/\/ldpublicicdad.com\/index.php?rest_route=%2Fwp%2Fv2%2Fcomments&post=1036"}],"version-history":[{"count":0,"href":"https:\/\/ldpublicicdad.com\/index.php?rest_route=\/wp\/v2\/posts\/1036\/revisions"}],"wp:featuredmedia":[{"embeddable":true,"href":"https:\/\/ldpublicicdad.com\/index.php?rest_route=\/wp\/v2\/media\/1037"}],"wp:attachment":[{"href":"https:\/\/ldpublicicdad.com\/index.php?rest_route=%2Fwp%2Fv2%2Fmedia&parent=1036"}],"wp:term":[{"taxonomy":"category","embeddable":true,"href":"https:\/\/ldpublicicdad.com\/index.php?rest_route=%2Fwp%2Fv2%2Fcategories&post=1036"},{"taxonomy":"post_tag","embeddable":true,"href":"https:\/\/ldpublicicdad.com\/index.php?rest_route=%2Fwp%2Fv2%2Ftags&post=1036"}],"curies":[{"name":"wp","href":"https:\/\/api.w.org\/{rel}","templated":true}]}}