{"id":10354,"date":"2022-12-15T11:42:33","date_gmt":"2022-12-15T16:42:33","guid":{"rendered":"https:\/\/ldpublicicdad.com\/?p=10354"},"modified":"2022-12-15T16:42:42","modified_gmt":"2022-12-15T16:42:42","slug":"anahi-se-defiende-de-las-burlas-de-maca-carriedo","status":"publish","type":"post","link":"https:\/\/ldpublicicdad.com\/?p=10354","title":{"rendered":"Anah\u00ed se defiende de las burlas de Maca Carriedo"},"content":{"rendered":"<p>Anah\u00ed no dej\u00f3 pasar la oportunidad para responderle a Maca Carriedo las burlas que la conductora hizo respecto a los des\u00f3rdenes de alimentaci\u00f3n que padeci\u00f3 la exintegrante de RBD hace unos a\u00f1os, y de los cuales habl\u00f3 meses atr\u00e1s.<br \/>\nFue durante un evento en el que Maca fungi\u00f3 como presentadora y Anah\u00ed como jurado, donde la tambi\u00e9n actriz record\u00f3, muy sutilmente, los comentarios en su contra escritos por la conductora en su cuenta oficial de Twitter.<br \/>\n\u201cMaca, ya s\u00e9 que te caigo medio gorda, pero no abuses\u201d. Anah\u00ed.<br \/>\nTras las palabras de la famosa, que particip\u00f3 en el reencuentro de RBD, Maca descart\u00f3 que tuviera un problema con la actriz y cantante.<br \/>\n\u201cNo digas eso, yo te quiero mucho\u201d. Maca.<br \/>\nSin embargo, el reclamo de Anah\u00ed no par\u00f3 ah\u00ed, pues le se\u00f1al\u00f3 que mejor utilizara su cuenta oficial de Twitter para hacer p\u00fablico que no mantiene una relaci\u00f3n con ella.<\/p>\n","protected":false},"excerpt":{"rendered":"<p>Anah\u00ed no dej\u00f3 pasar la oportunidad para responderle a Maca Carriedo las burlas que la conductora hizo respecto a los des\u00f3rdenes de alimentaci\u00f3n que padeci\u00f3 la exintegrante de RBD hace&hellip;<\/p>\n","protected":false},"author":1,"featured_media":10356,"comment_status":"open","ping_status":"closed","sticky":false,"template":"","format":"standard","meta":{"footnotes":""},"categories":[4],"tags":[],"class_list":["post-10354","post","type-post","status-publish","format-standard","has-post-thumbnail","hentry","category-espectaculos"],"_links":{"self":[{"href":"https:\/\/ldpublicicdad.com\/index.php?rest_route=\/wp\/v2\/posts\/10354","targetHints":{"allow":["GET"]}}],"collection":[{"href":"https:\/\/ldpublicicdad.com\/index.php?rest_route=\/wp\/v2\/posts"}],"about":[{"href":"https:\/\/ldpublicicdad.com\/index.php?rest_route=\/wp\/v2\/types\/post"}],"author":[{"embeddable":true,"href":"https:\/\/ldpublicicdad.com\/index.php?rest_route=\/wp\/v2\/users\/1"}],"replies":[{"embeddable":true,"href":"https:\/\/ldpublicicdad.com\/index.php?rest_route=%2Fwp%2Fv2%2Fcomments&post=10354"}],"version-history":[{"count":1,"href":"https:\/\/ldpublicicdad.com\/index.php?rest_route=\/wp\/v2\/posts\/10354\/revisions"}],"predecessor-version":[{"id":10355,"href":"https:\/\/ldpublicicdad.com\/index.php?rest_route=\/wp\/v2\/posts\/10354\/revisions\/10355"}],"wp:featuredmedia":[{"embeddable":true,"href":"https:\/\/ldpublicicdad.com\/index.php?rest_route=\/wp\/v2\/media\/10356"}],"wp:attachment":[{"href":"https:\/\/ldpublicicdad.com\/index.php?rest_route=%2Fwp%2Fv2%2Fmedia&parent=10354"}],"wp:term":[{"taxonomy":"category","embeddable":true,"href":"https:\/\/ldpublicicdad.com\/index.php?rest_route=%2Fwp%2Fv2%2Fcategories&post=10354"},{"taxonomy":"post_tag","embeddable":true,"href":"https:\/\/ldpublicicdad.com\/index.php?rest_route=%2Fwp%2Fv2%2Ftags&post=10354"}],"curies":[{"name":"wp","href":"https:\/\/api.w.org\/{rel}","templated":true}]}}