{"id":10267,"date":"2022-12-08T16:42:26","date_gmt":"2022-12-08T21:42:26","guid":{"rendered":"https:\/\/ldpublicicdad.com\/?p=10267"},"modified":"2022-12-08T21:42:29","modified_gmt":"2022-12-08T21:42:29","slug":"por-que-amlo-nego-que-mexico-pudiera-atravesar-una-crisis-politica-como-la-de-peru","status":"publish","type":"post","link":"https:\/\/ldpublicicdad.com\/?p=10267","title":{"rendered":"Por qu\u00e9 AMLO neg\u00f3 que M\u00e9xico pudiera atravesar una crisis pol\u00edtica como la de Per\u00fa"},"content":{"rendered":"<h4 class=\"article-subheadline\" style=\"text-align: center;\">El mandatario asegur\u00f3 que lo sucedi\u00f3 en el pa\u00eds andino deja una lecci\u00f3n muy clara respecto al papel de la ciudadan\u00eda<\/h4>\n<div class=\"byline\">\n<div class=\"byline-text-wrapper\">\n<p class=\"paragraph\">El 07 de diciembre, luego de anunciar la disoluci\u00f3n del\u00a0<b>Congreso de la Rep\u00fablica de Per\u00fa y un\u00a0<\/b>\u201cgobierno de excepci\u00f3n\u201d,\u00a0<b>Pedro Castillo Terrones<\/b>\u00a0fue destituido de manera turbulenta de su cargo como presidente y detenido en flagrancia por la Pol\u00edcia Nacional peruana.<\/p>\n<p><a id=\"recommended-card-0\" class=\"recommended-card recommended-card--infobae\" href=\"https:\/\/www.infobae.com\/america\/mexico\/2022\/12\/08\/amlo-evadio-responder-cuando-reconocera-el-nuevo-gobierno-de-dina-boluarte\/\" target=\"_blank\" rel=\"noopener noreferrer\" aria-label=\"AMLO evadi\u00f3 responder cu\u00e1ndo reconocer\u00e1 el nuevo gobierno de Dina Boluarte  \"><\/a><\/p>\n<p class=\"paragraph\">La situaci\u00f3n desemboc\u00f3 en una\u00a0<b>crisis pol\u00edtica<\/b>\u00a0dentro del pa\u00eds andino, mismo que en menos de ocho a\u00f1os, ha cambiado de presidente en al menos siete ocasiones. Al respecto, el presidente de M\u00e9xico,<b>\u00a0Andr\u00e9s Manuel L\u00f3pez Obrador (AMLO)<\/b>, fue cuestionado sobre si en territorio mexicano podr\u00eda existir un escenario similar al que hoy vive Per\u00fa.<\/p>\n<div class=\"inline ad-wrapper\">\n<div class=\"dfpAd display_inline_block ad_margin_wrapper\">\n<p class=\"paragraph\">\u201cAqu\u00ed no han podido, ni podr\u00e1n porque aqu\u00ed nuestro pueblo est\u00e1 muy avispado, muy despierto y consciente. Es de los pueblos m\u00e1s politizados del mundo, ya a este pueblo no se le enga\u00f1a\u201d, sostuvo en conferencia de prensa este 08 de diciembre desde Palacio Nacional.<\/p>\n<p class=\"paragraph\">L\u00f3pez Obrador agreg\u00f3 que su gobierno ha \u201csalido ileso \u00bb de las \u201ccalumnias\u201d emitidas por opositores y medios de comunicaci\u00f3n, ya que para el mandatario, la destutici\u00f3n de su hoy ex hom\u00f3logo, Castillo Terrones,\u00a0se vio propiciada por una supuesta campa\u00f1a en su contra, misma que habr\u00eda sido emprendida por \u201clas elites\u201d de la regi\u00f3n.<\/p>\n<p class=\"paragraph\">Por ello, el mandatario mexicano asegur\u00f3 que \u201cla lecci\u00f3n\u201d que deja a su paso lo ocurrido en<b>\u00a0Per\u00fa<\/b>, es que \u201chay que gobernar con el pueblo\u201d:<\/p>\n<p class=\"paragraph\">\u201cNo se debe confiar en los que supuestamente son l\u00edderes de opini\u00f3n o pertenecen a la clase pol\u00edtica, ah\u00ed hay mucha falsedad. Todav\u00eda se piensa que la pol\u00edtica es estar bien con los due\u00f1os de los potentados, con los medios de informaci\u00f3n, con los intelectuales<i>\u00a0alcahuetes<\/i>. Hay que estar bien con el pueblo, por dos razones: por humanismo, y porque el pueblo no es mal agradecido, es leal, si se respeta al pueblo se cuenta con \u00e9l\u201d, agreg\u00f3.<\/p>\n<p class=\"paragraph\">Tras comentar la situaci\u00f3n pol\u00edtica de M\u00e9xico el Jefe del Ejecutivo agradeci\u00f3 el nivel de aprobaci\u00f3n que tiene en comparaci\u00f3n con mandatarios de otros pa\u00edses de<b>\u00a0Am\u00e9rica Latina.<\/b><\/p>\n<p class=\"paragraph\">En contraste con lo expresado por el mandatario, el pasado 07 de diciembre, figuras opositoras a la adminitraci\u00f3n actual han asegurado que AMLO ya se ha encaminado al \u201cmismo destino\u201d que hoy pesa sobre el ex presidente de Per\u00fa.<\/p>\n<p class=\"paragraph\">Tal es el caso de la presidenta de la Comisi\u00f3n de Derechos Humanos del Senado de la Rep\u00fablica mexicana,\u00a0<b>Kenia L\u00f3pez Rabad\u00e1n,\u00a0<\/b>quien adem\u00e1s de acusar a L\u00f3pez Obrador de estar \u201cen el lado incorrecto de la historia\u201d,\u00a0<b>asegur\u00f3 que presidente comparte el mismo\u00a0<\/b><i><b>modus operandi<\/b><\/i><b>\u00a0de Pedro Castillo.<\/b><\/p>\n<h2 class=\"header\">El papel de M\u00e9xico<\/h2>\n<p class=\"paragraph\">Respecto a la destituci\u00f3n de\u00a0<b>Pedro Castillo<\/b>, quien tom\u00f3 protesta como presidente a finales de julio de 2021, L\u00f3pez Obrador expres\u00f3 que el gobierno mexicano se ce\u00f1ir\u00e1 a la pol\u00edtica exterior de \u201cno intervenci\u00f3n y la autodeterminaci\u00f3n de los pueblos\u201d, sin embargo a\u00f1adi\u00f3 que lamentaba las circunstancias en las que se dio la detenci\u00f3n del ex presidente.<\/p>\n<p class=\"paragraph\">\u201cDesde que gan\u00f3 legal y leg\u00edtimamente, Pedro Castillo fue v\u00edctima de acoso, de confrontaci\u00f3n, no aceptaron sus adversarios, sobre todo las \u00e9lites econ\u00f3micas y pol\u00edticas de ese pa\u00eds, el que \u00e9l gobierna\u201d, sentenci\u00f3.<\/p>\n<p class=\"paragraph\">Bajo este contexto, este 08 de diciembre,\u00a0<b>AMLO confirm\u00f3 que Pedro Castillo se dirig\u00eda a la embajada de M\u00e9xico en Per\u00fa<\/b>\u00a0previ\u00f3 a ser aprehendido por la Pol\u00edcia Nacional. De acuerdo con el presidente, el hoy detenido solicit\u00f3 asilo pol\u00edtico al Gobierno mexicano tras anunciar la disoluci\u00f3n del Congreso de la Rep\u00fablica de Per\u00fa.<\/p>\n<p class=\"paragraph\">\u201cHabl\u00f3 a la oficina para avisar de que iba hacia la embajada y que iba a solicitar el asilo. Busqu\u00e9 a Marcelo Ebrard y le inform\u00e9. Le dije que hablara con el embajador y le abriera la puerta de la embajada con apego a nuestra tradici\u00f3n de asilo\u201d, detall\u00f3.<\/p>\n<p class=\"paragraph\">Este mismo jueves, el presidente L\u00f3pez Obrador declar\u00f3 que, en caso de ser solicitado, su gobierno seguir\u00eda en la disposici\u00f3n de ofrecer asilo al ahora exmandatario. Paralelo a ello,\u00a0el gobierno mexicano retraso el reconocimiento oficial de la actual dirigencia peruana, en cabezada por<b>\u00a0Dina Boluarte<\/b>.<\/p>\n<\/div>\n<\/div>\n<\/div>\n<\/div>\n","protected":false},"excerpt":{"rendered":"<p>El mandatario asegur\u00f3 que lo sucedi\u00f3 en el pa\u00eds andino deja una lecci\u00f3n muy clara respecto al papel de la ciudadan\u00eda El 07 de diciembre, luego de anunciar la disoluci\u00f3n&hellip;<\/p>\n","protected":false},"author":1,"featured_media":10269,"comment_status":"open","ping_status":"closed","sticky":false,"template":"","format":"standard","meta":{"footnotes":""},"categories":[7],"tags":[],"class_list":["post-10267","post","type-post","status-publish","format-standard","has-post-thumbnail","hentry","category-nacional"],"_links":{"self":[{"href":"https:\/\/ldpublicicdad.com\/index.php?rest_route=\/wp\/v2\/posts\/10267","targetHints":{"allow":["GET"]}}],"collection":[{"href":"https:\/\/ldpublicicdad.com\/index.php?rest_route=\/wp\/v2\/posts"}],"about":[{"href":"https:\/\/ldpublicicdad.com\/index.php?rest_route=\/wp\/v2\/types\/post"}],"author":[{"embeddable":true,"href":"https:\/\/ldpublicicdad.com\/index.php?rest_route=\/wp\/v2\/users\/1"}],"replies":[{"embeddable":true,"href":"https:\/\/ldpublicicdad.com\/index.php?rest_route=%2Fwp%2Fv2%2Fcomments&post=10267"}],"version-history":[{"count":1,"href":"https:\/\/ldpublicicdad.com\/index.php?rest_route=\/wp\/v2\/posts\/10267\/revisions"}],"predecessor-version":[{"id":10268,"href":"https:\/\/ldpublicicdad.com\/index.php?rest_route=\/wp\/v2\/posts\/10267\/revisions\/10268"}],"wp:featuredmedia":[{"embeddable":true,"href":"https:\/\/ldpublicicdad.com\/index.php?rest_route=\/wp\/v2\/media\/10269"}],"wp:attachment":[{"href":"https:\/\/ldpublicicdad.com\/index.php?rest_route=%2Fwp%2Fv2%2Fmedia&parent=10267"}],"wp:term":[{"taxonomy":"category","embeddable":true,"href":"https:\/\/ldpublicicdad.com\/index.php?rest_route=%2Fwp%2Fv2%2Fcategories&post=10267"},{"taxonomy":"post_tag","embeddable":true,"href":"https:\/\/ldpublicicdad.com\/index.php?rest_route=%2Fwp%2Fv2%2Ftags&post=10267"}],"curies":[{"name":"wp","href":"https:\/\/api.w.org\/{rel}","templated":true}]}}