{"id":10024,"date":"2022-11-18T15:34:12","date_gmt":"2022-11-18T20:34:12","guid":{"rendered":"https:\/\/ldpublicicdad.com\/?p=10024"},"modified":"2022-11-18T20:34:14","modified_gmt":"2022-11-18T20:34:14","slug":"mexico-acoge-la-cumbre-global-de-la-ultraderecha","status":"publish","type":"post","link":"https:\/\/ldpublicicdad.com\/?p=10024","title":{"rendered":"M\u00e9xico acoge la cumbre global de la ultraderecha"},"content":{"rendered":"<p>La capital mexicana acoge este viernes y s\u00e1bado la Conferencia de Acci\u00f3n Pol\u00edtica Conservadora (CPAC, en ingl\u00e9s), un foro global de pol\u00edticos de ultraderecha como Steve Bannon, exasesor principal de Donald Trump, y Eduardo Bolsonaro, hijo del presidente de Brasil.<\/p>\n<p>En la reuni\u00f3n, organizada por el actor mexicano Eduardo Ver\u00e1stegui, tambi\u00e9n excolaborador con Trump, participar\u00e1n de forma virtual Santiago Abascal, presidente del partido espa\u00f1ol VOX, el excandidato a la presidencia chilena Jos\u00e9 Antonio Kast y el diputado argentino Javier Milei, de La Libertad Avanza.<\/p>\n<p>Asimismo, hay programadas participaciones virtuales del presidente de Guatemala, Alejandro Giammattei, y del senador estadounidense Ted Cruz, de Texas.<\/p>\n<p>El encuentro se desarrolla en el hotel Westin de Santa Fe, una zona acaudalada de Ciudad de M\u00e9xico en la que grupos antifascistas han programado protestas.<\/p>\n<p>De M\u00e9xico, participar\u00e1n pol\u00edticos y activistas que suelen pronunciarse en contra del aborto y los derechos LGBT.<\/p>\n<p>\u00abEn este lugar se har\u00e1 escuchar la voz de M\u00e9xico, de toda Am\u00e9rica y de todos los defensores de la libertad y la democracia en nuestros pa\u00edses\u00bb, expone la CPAC en su sitio oficial.<\/p>\n<p>Ver\u00e1stegui, nombrado asesor durante el Gobierno de Trump (2017-2021) para una iniciativa por la comunidad hispana, anunci\u00f3 el encuentro en la edici\u00f3n del a\u00f1o pasado de la CPAC Miami.<\/p>\n<p>Entonces alert\u00f3 sobre lo que llam\u00f3 \u00abla expansi\u00f3n del socialismo en Am\u00e9rica Latina\u00bb, en especial por \u00ablas dictaduras en Cuba, Venezuela y Nicaragua, el avance socialista en Argentina y la violencia desatada en Chile y Colombia\u00bb.<\/p>\n","protected":false},"excerpt":{"rendered":"<p>La capital mexicana acoge este viernes y s\u00e1bado la Conferencia de Acci\u00f3n Pol\u00edtica Conservadora (CPAC, en ingl\u00e9s), un foro global de pol\u00edticos de ultraderecha como Steve Bannon, exasesor principal de&hellip;<\/p>\n","protected":false},"author":1,"featured_media":10026,"comment_status":"open","ping_status":"closed","sticky":false,"template":"","format":"standard","meta":{"footnotes":""},"categories":[7,9],"tags":[],"class_list":["post-10024","post","type-post","status-publish","format-standard","has-post-thumbnail","hentry","category-nacional","category-politica"],"_links":{"self":[{"href":"https:\/\/ldpublicicdad.com\/index.php?rest_route=\/wp\/v2\/posts\/10024","targetHints":{"allow":["GET"]}}],"collection":[{"href":"https:\/\/ldpublicicdad.com\/index.php?rest_route=\/wp\/v2\/posts"}],"about":[{"href":"https:\/\/ldpublicicdad.com\/index.php?rest_route=\/wp\/v2\/types\/post"}],"author":[{"embeddable":true,"href":"https:\/\/ldpublicicdad.com\/index.php?rest_route=\/wp\/v2\/users\/1"}],"replies":[{"embeddable":true,"href":"https:\/\/ldpublicicdad.com\/index.php?rest_route=%2Fwp%2Fv2%2Fcomments&post=10024"}],"version-history":[{"count":1,"href":"https:\/\/ldpublicicdad.com\/index.php?rest_route=\/wp\/v2\/posts\/10024\/revisions"}],"predecessor-version":[{"id":10025,"href":"https:\/\/ldpublicicdad.com\/index.php?rest_route=\/wp\/v2\/posts\/10024\/revisions\/10025"}],"wp:featuredmedia":[{"embeddable":true,"href":"https:\/\/ldpublicicdad.com\/index.php?rest_route=\/wp\/v2\/media\/10026"}],"wp:attachment":[{"href":"https:\/\/ldpublicicdad.com\/index.php?rest_route=%2Fwp%2Fv2%2Fmedia&parent=10024"}],"wp:term":[{"taxonomy":"category","embeddable":true,"href":"https:\/\/ldpublicicdad.com\/index.php?rest_route=%2Fwp%2Fv2%2Fcategories&post=10024"},{"taxonomy":"post_tag","embeddable":true,"href":"https:\/\/ldpublicicdad.com\/index.php?rest_route=%2Fwp%2Fv2%2Ftags&post=10024"}],"curies":[{"name":"wp","href":"https:\/\/api.w.org\/{rel}","templated":true}]}}